{"id":1253,"date":"2018-12-29T18:40:32","date_gmt":"2018-12-29T17:40:32","guid":{"rendered":"http:\/\/www.carnets-dailleurs.com\/?p=1253"},"modified":"2018-12-29T18:42:54","modified_gmt":"2018-12-29T17:42:54","slug":"21-juillet-2015-de-nusfjord-a-ramberg","status":"publish","type":"post","link":"https:\/\/www.carnets-dailleurs.com\/index.php\/2018\/12\/29\/21-juillet-2015-de-nusfjord-a-ramberg\/","title":{"rendered":"21 juillet 2015 &#8211; De Nusfjord \u00e0 Ramberg"},"content":{"rendered":"\n<p>Sixi\u00e8me \u00e9tape de la travers\u00e9e (17,6 km) <\/p>\n\n\n\n<ul class=\"wp-block-gallery columns-2 is-cropped wp-block-gallery-1 is-layout-flex\"><li class=\"blocks-gallery-item\"><figure><img decoding=\"async\" loading=\"lazy\" width=\"500\" height=\"307\" src=\"http:\/\/www.carnets-dailleurs.com\/wp-content\/uploads\/2018\/12\/Carte-Etape-6_Lofoten-1.jpg\" alt=\"\" data-id=\"1254\" data-link=\"http:\/\/www.carnets-dailleurs.com\/?attachment_id=1254\" class=\"wp-image-1254\" srcset=\"https:\/\/www.carnets-dailleurs.com\/wp-content\/uploads\/2018\/12\/Carte-Etape-6_Lofoten-1.jpg 500w, https:\/\/www.carnets-dailleurs.com\/wp-content\/uploads\/2018\/12\/Carte-Etape-6_Lofoten-1-300x184.jpg 300w, https:\/\/www.carnets-dailleurs.com\/wp-content\/uploads\/2018\/12\/Carte-Etape-6_Lofoten-1-150x92.jpg 150w\" sizes=\"(max-width: 500px) 100vw, 500px\" \/><\/figure><\/li><li class=\"blocks-gallery-item\"><figure><img decoding=\"async\" loading=\"lazy\" width=\"500\" height=\"650\" src=\"http:\/\/www.carnets-dailleurs.com\/wp-content\/uploads\/2018\/12\/Carte-Etape-6_Lofoten-2.jpg\" alt=\"\" data-id=\"1255\" data-link=\"http:\/\/www.carnets-dailleurs.com\/?attachment_id=1255\" class=\"wp-image-1255\" srcset=\"https:\/\/www.carnets-dailleurs.com\/wp-content\/uploads\/2018\/12\/Carte-Etape-6_Lofoten-2.jpg 500w, https:\/\/www.carnets-dailleurs.com\/wp-content\/uploads\/2018\/12\/Carte-Etape-6_Lofoten-2-231x300.jpg 231w, https:\/\/www.carnets-dailleurs.com\/wp-content\/uploads\/2018\/12\/Carte-Etape-6_Lofoten-2-115x150.jpg 115w\" sizes=\"(max-width: 500px) 100vw, 500px\" \/><\/figure><\/li><\/ul>\n\n\n\n<p>Ascension : 397 m \/ Descente : 416 m <\/p>\n\n\n\n<figure class=\"wp-block-image is-resized\"><img decoding=\"async\" loading=\"lazy\" src=\"http:\/\/www.carnets-dailleurs.com\/wp-content\/uploads\/2018\/12\/Denivele_Etape-6.jpg\" alt=\"\" class=\"wp-image-1256\" width=\"582\" height=\"135\" srcset=\"https:\/\/www.carnets-dailleurs.com\/wp-content\/uploads\/2018\/12\/Denivele_Etape-6.jpg 500w, https:\/\/www.carnets-dailleurs.com\/wp-content\/uploads\/2018\/12\/Denivele_Etape-6-300x70.jpg 300w, https:\/\/www.carnets-dailleurs.com\/wp-content\/uploads\/2018\/12\/Denivele_Etape-6-150x35.jpg 150w\" sizes=\"(max-width: 582px) 100vw, 582px\" \/><\/figure>\n\n\n\n<p>Apr\u00e8s une nuit bien arros\u00e9e, la pluie a cess\u00e9 ce matin. Ceci dit, nous n\u2019\u00e9chappons pas aux v\u00eatements mouill\u00e9s : rien n\u2019a s\u00e9ch\u00e9 cette nuit. J\u2019enfile un pantalon et des chaussures mouill\u00e9es\u2026 \u00c7a rafra\u00eechit tout de suite et ce n\u2019est vraiment pas agr\u00e9able ! Je prends le temps de me faire un caf\u00e9 bien chaud et un bon petit d\u00e9jeuner, histoire de prendre des forces.<br>Rangement de tente : tout est tremp\u00e9, \u00e7a va peser encore un peu plus dans le sac\u2026 Je fais aussi le m\u00e9nage des bestioles, en virant notamment une grosse limace noire accroch\u00e9e sur la tente. Je n\u2019ai pas vraiment envie de la retrouver en bouillie ce soir.<\/p>\n\n\n\n<p>9h. Nous sommes pr\u00eates \u00e0 partir. Nous commen\u00e7ons par suivre un chemin qui passe \u00e0 travers les arbres, en direction de Nesland. Le sol est gorg\u00e9 d\u2019eau, c\u2019est une vraie gadoue ! Avec toute cette pluie, \u00e7a glisse, \u00e7a colle, on s\u2019en met partout. Mon sur-pantalon est dans un \u00e9tat pitoyable\u2026 J\u2019ai de la boue plein les jambes.<\/p>\n\n\n\n<p>Tout \u00e0 coup, un petit lagop\u00e8de d\u00e9tale devant moi, sur le chemin. La m\u00e8re ne doit pas \u00eatre tr\u00e8s loin. Et en effet, elle s\u2019envole des fourr\u00e9s juste apr\u00e8s.<br>Un peu plus loin, c\u2019est une poule d\u2019eau qui se balade tranquillement dans l\u2019herbe.<br><\/p>\n\n\n\n<p>Rapidement, nous apercevons la c\u00f4te.<\/p>\n\n\n\n<figure class=\"wp-block-image is-resized\"><img decoding=\"async\" loading=\"lazy\" src=\"http:\/\/www.carnets-dailleurs.com\/wp-content\/uploads\/2018\/12\/Cote-Lofoten-2.jpg\" alt=\"\" class=\"wp-image-1257\" width=\"588\" height=\"330\" srcset=\"https:\/\/www.carnets-dailleurs.com\/wp-content\/uploads\/2018\/12\/Cote-Lofoten-2.jpg 500w, https:\/\/www.carnets-dailleurs.com\/wp-content\/uploads\/2018\/12\/Cote-Lofoten-2-300x169.jpg 300w, https:\/\/www.carnets-dailleurs.com\/wp-content\/uploads\/2018\/12\/Cote-Lofoten-2-150x84.jpg 150w\" sizes=\"(max-width: 588px) 100vw, 588px\" \/><\/figure>\n\n\n\n<p>Cote que nous allons maintenant longer jusque Ramberg. <\/p>\n\n\n\n<figure class=\"wp-block-image is-resized\"><img decoding=\"async\" loading=\"lazy\" src=\"http:\/\/www.carnets-dailleurs.com\/wp-content\/uploads\/2018\/12\/Cote-Lofoten-2-1.jpg\" alt=\"\" class=\"wp-image-1258\" width=\"585\" height=\"329\" srcset=\"https:\/\/www.carnets-dailleurs.com\/wp-content\/uploads\/2018\/12\/Cote-Lofoten-2-1.jpg 500w, https:\/\/www.carnets-dailleurs.com\/wp-content\/uploads\/2018\/12\/Cote-Lofoten-2-1-300x169.jpg 300w, https:\/\/www.carnets-dailleurs.com\/wp-content\/uploads\/2018\/12\/Cote-Lofoten-2-1-150x84.jpg 150w\" sizes=\"(max-width: 585px) 100vw, 585px\" \/><\/figure>\n\n\n\n<p>Le temps est tr\u00e8s brumeux, nous avons peu de chance de voir les montagnes qui nous entourent. Et pourtant, ce n\u2019est pas l\u2019envie qui manque : plus hautes dans cette partie de l\u2019\u00eele, elles doivent \u00eatre magnifiques\u2026<\/p>\n\n\n\n<p>Nous suivons un chemin DNT, marqu\u00e9 de ses \u00ab T \u00bb rouges. Par endroit, nous devons crapahuter dans les \u00e9boulis et au milieu de gros rochers.<\/p>\n\n\n\n<figure class=\"wp-block-image is-resized\"><img decoding=\"async\" loading=\"lazy\" src=\"http:\/\/www.carnets-dailleurs.com\/wp-content\/uploads\/2018\/12\/Rochers-DNT.jpg\" alt=\"\" class=\"wp-image-1259\" width=\"587\" height=\"330\" srcset=\"https:\/\/www.carnets-dailleurs.com\/wp-content\/uploads\/2018\/12\/Rochers-DNT.jpg 500w, https:\/\/www.carnets-dailleurs.com\/wp-content\/uploads\/2018\/12\/Rochers-DNT-300x169.jpg 300w, https:\/\/www.carnets-dailleurs.com\/wp-content\/uploads\/2018\/12\/Rochers-DNT-150x84.jpg 150w\" sizes=\"(max-width: 587px) 100vw, 587px\" \/><\/figure>\n\n\n\n<div class=\"wp-block-media-text alignwide\"><figure class=\"wp-block-media-text__media\"><img decoding=\"async\" loading=\"lazy\" width=\"540\" height=\"960\" src=\"http:\/\/www.carnets-dailleurs.com\/wp-content\/uploads\/2018\/12\/Echelle-Bois-Lofoten.jpg\" alt=\"\" class=\"wp-image-1260\" srcset=\"https:\/\/www.carnets-dailleurs.com\/wp-content\/uploads\/2018\/12\/Echelle-Bois-Lofoten.jpg 540w, https:\/\/www.carnets-dailleurs.com\/wp-content\/uploads\/2018\/12\/Echelle-Bois-Lofoten-169x300.jpg 169w, https:\/\/www.carnets-dailleurs.com\/wp-content\/uploads\/2018\/12\/Echelle-Bois-Lofoten-84x150.jpg 84w\" sizes=\"(max-width: 540px) 100vw, 540px\" \/><\/figure><div class=\"wp-block-media-text__content\">\n<p>Et bien s\u00fbr, nous n\u2019\u00e9viterons pas une petite mont\u00e9e bien raide, comme c\u2019est le cas chaque jour. Sauf que cette fois, elle est \u00e9quip\u00e9e de corde en bas mais surtout d\u2019une \u00e9chelle en rondins de bois !  <\/p>\n<\/div><\/div>\n\n\n\n<div class=\"wp-block-media-text alignwide has-media-on-the-right\"><figure class=\"wp-block-media-text__media\"><img decoding=\"async\" loading=\"lazy\" width=\"500\" height=\"750\" src=\"http:\/\/www.carnets-dailleurs.com\/wp-content\/uploads\/2018\/12\/Carene_Echelle-Bois-Lofoten.jpg\" alt=\"\" class=\"wp-image-1261\" srcset=\"https:\/\/www.carnets-dailleurs.com\/wp-content\/uploads\/2018\/12\/Carene_Echelle-Bois-Lofoten.jpg 500w, https:\/\/www.carnets-dailleurs.com\/wp-content\/uploads\/2018\/12\/Carene_Echelle-Bois-Lofoten-200x300.jpg 200w, https:\/\/www.carnets-dailleurs.com\/wp-content\/uploads\/2018\/12\/Carene_Echelle-Bois-Lofoten-100x150.jpg 100w\" sizes=\"(max-width: 500px) 100vw, 500px\" \/><\/figure><div class=\"wp-block-media-text__content\">\n<p>On reconnait bien l\u00e0 les chemins \u00ab \u00e9quip\u00e9s \u00bb de DNT. En tout cas, voil\u00e0 qui va nous faciliter la t\u00e2che ! Je monte la premi\u00e8re\u2026  <\/p>\n<\/div><\/div>\n\n\n\n<div class=\"wp-block-media-text alignwide\"><figure class=\"wp-block-media-text__media\"><img decoding=\"async\" loading=\"lazy\" width=\"540\" height=\"960\" src=\"http:\/\/www.carnets-dailleurs.com\/wp-content\/uploads\/2018\/12\/Edwige_Echelle-Bois-Lofoten.jpg\" alt=\"\" class=\"wp-image-1262\" srcset=\"https:\/\/www.carnets-dailleurs.com\/wp-content\/uploads\/2018\/12\/Edwige_Echelle-Bois-Lofoten.jpg 540w, https:\/\/www.carnets-dailleurs.com\/wp-content\/uploads\/2018\/12\/Edwige_Echelle-Bois-Lofoten-169x300.jpg 169w, https:\/\/www.carnets-dailleurs.com\/wp-content\/uploads\/2018\/12\/Edwige_Echelle-Bois-Lofoten-84x150.jpg 84w\" sizes=\"(max-width: 540px) 100vw, 540px\" \/><\/figure><div class=\"wp-block-media-text__content\">\n<p>\u2026 Edwige m\u2019emboite le pas\u2026 <\/p>\n<\/div><\/div>\n\n\n\n<div class=\"wp-block-media-text alignwide has-media-on-the-right\"><figure class=\"wp-block-media-text__media\"><img decoding=\"async\" loading=\"lazy\" width=\"540\" height=\"960\" src=\"http:\/\/www.carnets-dailleurs.com\/wp-content\/uploads\/2018\/12\/Sechoir-Poissons-Lofoten.jpg\" alt=\"\" class=\"wp-image-1263\" srcset=\"https:\/\/www.carnets-dailleurs.com\/wp-content\/uploads\/2018\/12\/Sechoir-Poissons-Lofoten.jpg 540w, https:\/\/www.carnets-dailleurs.com\/wp-content\/uploads\/2018\/12\/Sechoir-Poissons-Lofoten-169x300.jpg 169w, https:\/\/www.carnets-dailleurs.com\/wp-content\/uploads\/2018\/12\/Sechoir-Poissons-Lofoten-84x150.jpg 84w\" sizes=\"(max-width: 540px) 100vw, 540px\" \/><\/figure><div class=\"wp-block-media-text__content\">\n<p>Hop ! En moins de deux, nous sommes en haut !<br>Nous continuons le long de la c\u00f4te et, apr\u00e8s un s\u00e9choir \u00e0 poisson\u2026 <\/p>\n<\/div><\/div>\n\n\n\n<p>\u2026nous arrivons \u00e0 Nesland, tout petit village nich\u00e9e le long de la c\u00f4te, \u00e0 la pointe de l\u2019\u00eele. <\/p>\n\n\n\n<figure class=\"wp-block-image is-resized\"><img decoding=\"async\" loading=\"lazy\" src=\"http:\/\/www.carnets-dailleurs.com\/wp-content\/uploads\/2018\/12\/Nesland-Lofoten.jpg\" alt=\"\" class=\"wp-image-1264\" width=\"584\" height=\"328\" srcset=\"https:\/\/www.carnets-dailleurs.com\/wp-content\/uploads\/2018\/12\/Nesland-Lofoten.jpg 500w, https:\/\/www.carnets-dailleurs.com\/wp-content\/uploads\/2018\/12\/Nesland-Lofoten-300x169.jpg 300w, https:\/\/www.carnets-dailleurs.com\/wp-content\/uploads\/2018\/12\/Nesland-Lofoten-150x84.jpg 150w\" sizes=\"(max-width: 584px) 100vw, 584px\" \/><\/figure>\n\n\n\n<p>Nous en profitons pour faire une petite pause et grignoter un morceau. Andr\u00e9 arrive \u00e0 notre hauteur : nous ne l\u2019avions pas retrouv\u00e9 hier soir et nous n\u2019avions pas vu son bivouac non plus\u2026 En fait, il a camp\u00e9 un peu plus loin et est parti apr\u00e8s nous ce matin. Il restera avec nous jusque Ramberg. Lui aussi a pr\u00e9vu de ne pas bivouaquer ce soir mais de se poser au camping, histoire de prendre une douche !<\/p>\n\n\n\n<p>Apr\u00e8s Nesland, nous devons remonter toute l\u2019\u00eele jusque Ramberg. Toujours le long de la c\u00f4te mais cette fois nous devons marcher sur la route. Voila qui est moins agr\u00e9able. Heureusement, la route est peu passag\u00e8re, Nesland \u00e9tant un coin plut\u00f4t paum\u00e9 !<br>Nous croisons au passage quelques moutons, tranquillement pos\u00e9s le long de la route. Pas un seul qui bouge !<\/p>\n\n\n\n<figure class=\"wp-block-image is-resized\"><img decoding=\"async\" loading=\"lazy\" src=\"http:\/\/www.carnets-dailleurs.com\/wp-content\/uploads\/2018\/12\/Moutons-Route-Nesland-Lofoten.jpg\" alt=\"\" class=\"wp-image-1265\" width=\"584\" height=\"328\" srcset=\"https:\/\/www.carnets-dailleurs.com\/wp-content\/uploads\/2018\/12\/Moutons-Route-Nesland-Lofoten.jpg 500w, https:\/\/www.carnets-dailleurs.com\/wp-content\/uploads\/2018\/12\/Moutons-Route-Nesland-Lofoten-300x169.jpg 300w, https:\/\/www.carnets-dailleurs.com\/wp-content\/uploads\/2018\/12\/Moutons-Route-Nesland-Lofoten-150x84.jpg 150w\" sizes=\"(max-width: 584px) 100vw, 584px\" \/><\/figure>\n\n\n\n<p>Pause d\u00e9jeuner \u00e0 Ytre Selfjord. <\/p>\n\n\n\n<figure class=\"wp-block-image is-resized\"><img decoding=\"async\" loading=\"lazy\" src=\"http:\/\/www.carnets-dailleurs.com\/wp-content\/uploads\/2018\/12\/Ytre-Selfjord-Lofoten.jpg\" alt=\"\" class=\"wp-image-1266\" width=\"583\" height=\"328\" srcset=\"https:\/\/www.carnets-dailleurs.com\/wp-content\/uploads\/2018\/12\/Ytre-Selfjord-Lofoten.jpg 500w, https:\/\/www.carnets-dailleurs.com\/wp-content\/uploads\/2018\/12\/Ytre-Selfjord-Lofoten-300x169.jpg 300w, https:\/\/www.carnets-dailleurs.com\/wp-content\/uploads\/2018\/12\/Ytre-Selfjord-Lofoten-150x84.jpg 150w\" sizes=\"(max-width: 583px) 100vw, 583px\" \/><\/figure>\n\n\n\n<p>Nous nous installons en contre-bas, au bord de la mer. L\u2019eau est vraiment tr\u00e8s claire\u2026 En face, les montagnes ont, quant \u00e0 elles, toujours la t\u00eate dans les nuages. Un courlis et quelques mouettes rieuses passent dans le coin.<\/p>\n\n\n\n<p>Nous reprenons la route. La route est d\u00e9j\u00e0 plus grande et un peu plus passag\u00e8re. Et ce bitume qui fait mal aux pieds\u2026<\/p>\n\n\n\n<p>Juste avant Ramberg, nous arrivons sur la E10. Et l\u00e0, c\u2019est vraiment un festival cot\u00e9 voitures, bus et camping-cars. \u00c7a roule aussi beaucoup plus vite ! Nous marchons sur le bas cot\u00e9 et je descends parfois dans le foss\u00e9, certaines voitures roulant un peu trop pr\u00e8s de nous \u00e0 mon go\u00fbt. En dehors de la circulation, il est aussi temps qu\u2019on arrive car je commence \u00e0 s\u00e9rieusement trainer les pieds\u2026<\/p>\n\n\n\n<p>Ramberg. Enfin. Nous traversons la ville pour rejoindre le camping. Avant de nous installer, nous allons rep\u00e9rer les horaires de bus pour demain. Le d\u00e9part de notre \u00e9tape est un peu plus loin, et nous devrons marcher le long de la route pendant quelques kilom\u00e8tres, puis traverser deux ponts. Donc on aimerait bien \u00e9viter cette portion pas tr\u00e8s agr\u00e9able et gagner quelques kilom\u00e8tres\u2026 Nous rep\u00e9rons un bus \u00e0 11h30 qui devrait nous amener jusque Fredvang. \u00c7a nous fait partir un peu tard mais si on gagne en kilom\u00e8tres, ce n\u2019est pas tr\u00e8s grave : l\u2019\u00e9tape de demain n\u2019est pas tr\u00e8s longue.<\/p>\n\n\n\n<p>Nous nous installons au &nbsp;camping. Il y a du monde mais on trouve quand un emplacement suffisamment grand pour qu\u2019on puisse planter nos trois tentes et rester tous ensemble.<br>A peine les tentes mont\u00e9es, nous filons \u00e0 la douche. A 15h30, il n\u2019y a personne, nous les avons toutes rien que pour nous. C\u2019est 10 NOK les 4min30 d\u2019eau chaude. Ce n\u2019est pas tr\u00e8s long mais on fera avec. J\u2019ai tout de m\u00eame le temps de faire deux shampoings : mes cheveux revivent ! V\u00eatements propres aussi\u2026Me voil\u00e0 neuve !<br><\/p>\n\n\n\n<p>Nous retournons ensuite dans le centre-ville pour faire quelques courses. Je n\u2019ai plus grand-chose et je dois prendre \u00e0 manger pour trois jours. Je prends aussi de quoi me faire un bon repas ce soir : beignets de poissons et salade compos\u00e9e. Un peu de verdure va faire du bien ! Bi\u00e8res et chips pour l\u2019ap\u00e9ro (les chips norv\u00e9giennes sont vraiment bonnes !).<br>En sortant du supermarch\u00e9, nous restons quelques instants assis \u00e0 une table, au soleil. Car cette fois, il brille : grand ciel bleu au-dessus de nos t\u00eates ! Par contre, sur l\u2019\u00eele en face (celle o\u00f9 nous devons aller demain), les nuages sont toujours accroch\u00e9s aux sommets\u2026<\/p>\n\n\n\n<p>De retour au camping, nous \u00e9tudions la carte et les \u00e9tapes \u00e0 venir. Nous avons un doute sur celle qui doit nous amener \u00e0 Munkebu. Nous sommes cens\u00e9s bivouaquer \u00e0 400m ce qui est plut\u00f4t haut ici. \u00c7a signifie froid et vent si la m\u00e9t\u00e9o n\u2019est pas de notre cot\u00e9. Nous pourrions rester en bas pour la nuit mais d\u2019apr\u00e8s la carte, le terrain ne s\u2019y pr\u00eate pas : les montagnes ont vraiment les pieds dans l\u2019eau. Du coup, nous envisageons de modifier notre itin\u00e9raire s\u2019il ne fait pas beau et prendre le bateau jusque Reine. A voir le jour J.<br><\/p>\n\n\n\n<p>Nous investissons ensuite la cuisine pour pr\u00e9parer \u00e0 manger et nous nous attablons dans la salle commune. \u00c7a fait vraiment du bien de manger assis \u00e0 une table et pas par terre.<\/p>\n\n\n\n<p>De retour aux tentes, nous d\u00e9couvrons un nouveau tipi juste \u00e0 cot\u00e9. Une famille norv\u00e9gienne s\u2019est install\u00e9e. Les enfants sont bien agit\u00e9s, la soir\u00e9e risque de ne pas \u00eatre calme\u2026 Heureusement que nous pouvons faire une grasse matin\u00e9e demain\u2026<\/p>\n\n\n\n<h2 class=\"wp-block-heading\">Photos de la journ\u00e9e<\/h2>\n\n\n\n\n","protected":false},"excerpt":{"rendered":"<p>Sixi\u00e8me \u00e9tape de la travers\u00e9e (17,6 km) Ascension : 397 m \/ Descente : 416 m Apr\u00e8s une nuit bien arros\u00e9e, la pluie a cess\u00e9 ce matin. Ceci dit, nous n\u2019\u00e9chappons pas aux v\u00eatements mouill\u00e9s : rien n\u2019a s\u00e9ch\u00e9 cette nuit. J\u2019enfile un pantalon et des chaussures mouill\u00e9es\u2026 \u00c7a rafra\u00eechit&#8230;<\/p>\n<p> <a class=\"continue-reading-link\" href=\"https:\/\/www.carnets-dailleurs.com\/index.php\/2018\/12\/29\/21-juillet-2015-de-nusfjord-a-ramberg\/\"><span>Lire la suite<\/span><i class=\"crycon-right-dir\"><\/i><\/a> <\/p>\n","protected":false},"author":1,"featured_media":0,"comment_status":"open","ping_status":"open","sticky":false,"template":"","format":"standard","meta":{"_mi_skip_tracking":false},"categories":[21],"tags":[],"_links":{"self":[{"href":"https:\/\/www.carnets-dailleurs.com\/index.php\/wp-json\/wp\/v2\/posts\/1253"}],"collection":[{"href":"https:\/\/www.carnets-dailleurs.com\/index.php\/wp-json\/wp\/v2\/posts"}],"about":[{"href":"https:\/\/www.carnets-dailleurs.com\/index.php\/wp-json\/wp\/v2\/types\/post"}],"author":[{"embeddable":true,"href":"https:\/\/www.carnets-dailleurs.com\/index.php\/wp-json\/wp\/v2\/users\/1"}],"replies":[{"embeddable":true,"href":"https:\/\/www.carnets-dailleurs.com\/index.php\/wp-json\/wp\/v2\/comments?post=1253"}],"version-history":[{"count":4,"href":"https:\/\/www.carnets-dailleurs.com\/index.php\/wp-json\/wp\/v2\/posts\/1253\/revisions"}],"predecessor-version":[{"id":1279,"href":"https:\/\/www.carnets-dailleurs.com\/index.php\/wp-json\/wp\/v2\/posts\/1253\/revisions\/1279"}],"wp:attachment":[{"href":"https:\/\/www.carnets-dailleurs.com\/index.php\/wp-json\/wp\/v2\/media?parent=1253"}],"wp:term":[{"taxonomy":"category","embeddable":true,"href":"https:\/\/www.carnets-dailleurs.com\/index.php\/wp-json\/wp\/v2\/categories?post=1253"},{"taxonomy":"post_tag","embeddable":true,"href":"https:\/\/www.carnets-dailleurs.com\/index.php\/wp-json\/wp\/v2\/tags?post=1253"}],"curies":[{"name":"wp","href":"https:\/\/api.w.org\/{rel}","templated":true}]}}