{"id":1280,"date":"2018-12-29T19:03:47","date_gmt":"2018-12-29T18:03:47","guid":{"rendered":"http:\/\/www.carnets-dailleurs.com\/?p=1280"},"modified":"2023-11-27T16:42:19","modified_gmt":"2023-11-27T15:42:19","slug":"22-juillet-2015-de-ramberg-a-selfjord","status":"publish","type":"post","link":"https:\/\/www.carnets-dailleurs.com\/index.php\/2018\/12\/29\/22-juillet-2015-de-ramberg-a-selfjord\/","title":{"rendered":"22 juillet 2015 &#8211; De Ramberg \u00e0 Selfjord"},"content":{"rendered":"\n<p>Septi\u00e8me \u00e9tape de la travers\u00e9e (15 km) <\/p>\n\n\n\n<figure class=\"wp-block-image is-resized\"><img decoding=\"async\" loading=\"lazy\" src=\"http:\/\/www.carnets-dailleurs.com\/wp-content\/uploads\/2018\/12\/Carte_Etape-7_Lofoten.jpg\" alt=\"\" class=\"wp-image-1281\" width=\"578\" height=\"356\" srcset=\"https:\/\/www.carnets-dailleurs.com\/wp-content\/uploads\/2018\/12\/Carte_Etape-7_Lofoten.jpg 500w, https:\/\/www.carnets-dailleurs.com\/wp-content\/uploads\/2018\/12\/Carte_Etape-7_Lofoten-300x185.jpg 300w, https:\/\/www.carnets-dailleurs.com\/wp-content\/uploads\/2018\/12\/Carte_Etape-7_Lofoten-150x92.jpg 150w\" sizes=\"(max-width: 578px) 100vw, 578px\" \/><\/figure>\n\n\n\n<p>Ascension : 576 m \/ Descente : 575 m <\/p>\n\n\n\n<figure class=\"wp-block-image is-resized\"><img decoding=\"async\" loading=\"lazy\" src=\"http:\/\/www.carnets-dailleurs.com\/wp-content\/uploads\/2018\/12\/Denivele_Etape-7.jpg\" alt=\"\" class=\"wp-image-1282\" width=\"580\" height=\"136\" srcset=\"https:\/\/www.carnets-dailleurs.com\/wp-content\/uploads\/2018\/12\/Denivele_Etape-7.jpg 500w, https:\/\/www.carnets-dailleurs.com\/wp-content\/uploads\/2018\/12\/Denivele_Etape-7-300x70.jpg 300w, https:\/\/www.carnets-dailleurs.com\/wp-content\/uploads\/2018\/12\/Denivele_Etape-7-150x35.jpg 150w\" sizes=\"(max-width: 580px) 100vw, 580px\" \/><\/figure>\n\n\n\n<p>Premi\u00e8re \u00ab grasse matin\u00e9e \u00bb du trek\u2026 H\u00e9las, c\u2019\u00e9tait sans compter avec la famille tipi. \u0152il noir pendant que je fais chauffer l\u2019eau du caf\u00e9. Heureusement, je me venge sur un \u00e9norme muffin au chocolat. Et je vais prendre une bonne douche. Voil\u00e0 de quoi apaiser les tensions\u2026<\/p>\n\n\n\n<p>Nous avons un peu de temps devant nous. Suffisamment de temps pour que j\u2019\u00e9crive quelques cartes postales.<br><\/p>\n\n\n\n<p>Viens ensuite le moment de d\u00e9monter et de ranger la tente. Sous le soleil. Grand ciel bleu aujourd\u2019hui, un vrai bonheur. Le jour o\u00f9 nous allons passons \u00e0 Kvalvika et sa plage, on se pouvait r\u00eaver mieux.<\/p>\n\n\n\n<p>Le sac est pr\u00eat, direction l\u2019arr\u00eat de bus. J\u2019ai tout juste le temps de poster les cartes que le bus arrive. C\u2019\u00e9tait moins une ! Nous lui demandons s\u2019il va bien \u00e0 Fredvang. Oui, mais il s\u2019arr\u00eate avant les ponts. Ah \u2026 il ne les traverse pas ? Non. Seul le bus scolaire le fait. Nous qui voulions gagner du temps et 4km, c\u2019est rat\u00e9. Nous devrons marcher. Ceci dit, nous \u00e9viteront quand m\u00eame la E10 et son flot de voitures. Nous montons dans le bus. Je manque d\u2019oublier mon appareil photo sur le parking\u2026 Heureusement, Edwige le r\u00e9cup\u00e8re \u00e0 temps !<\/p>\n\n\n\n<p>Arriv\u00e9e \u00e0 l\u2019arr\u00eat de bus de Fredvang.<\/p>\n\n\n\n<figure class=\"wp-block-image is-resized\"><img decoding=\"async\" loading=\"lazy\" src=\"http:\/\/www.carnets-dailleurs.com\/wp-content\/uploads\/2018\/12\/Fredvand_Lofoten.jpg\" alt=\"\" class=\"wp-image-1283\" width=\"583\" height=\"328\" srcset=\"https:\/\/www.carnets-dailleurs.com\/wp-content\/uploads\/2018\/12\/Fredvand_Lofoten.jpg 500w, https:\/\/www.carnets-dailleurs.com\/wp-content\/uploads\/2018\/12\/Fredvand_Lofoten-300x169.jpg 300w, https:\/\/www.carnets-dailleurs.com\/wp-content\/uploads\/2018\/12\/Fredvand_Lofoten-150x84.jpg 150w\" sizes=\"(max-width: 583px) 100vw, 583px\" \/><\/figure>\n\n\n\n<p>Face \u00e0 nous, les ponts qui m\u00e8nent \u00e0 l\u2019\u00eele voisine. <\/p>\n\n\n\n<figure class=\"wp-block-image is-resized\"><img decoding=\"async\" loading=\"lazy\" src=\"http:\/\/www.carnets-dailleurs.com\/wp-content\/uploads\/2018\/12\/Pont-Fredvand_Lofoten.jpg\" alt=\"\" class=\"wp-image-1284\" width=\"583\" height=\"328\" srcset=\"https:\/\/www.carnets-dailleurs.com\/wp-content\/uploads\/2018\/12\/Pont-Fredvand_Lofoten.jpg 500w, https:\/\/www.carnets-dailleurs.com\/wp-content\/uploads\/2018\/12\/Pont-Fredvand_Lofoten-300x169.jpg 300w, https:\/\/www.carnets-dailleurs.com\/wp-content\/uploads\/2018\/12\/Pont-Fredvand_Lofoten-150x84.jpg 150w\" sizes=\"(max-width: 583px) 100vw, 583px\" \/><\/figure>\n\n\n\n<p>Deux ponts. Heureusement, un petit trottoir permet de se mettre un peu sur le c\u00f4t\u00e9 car mine de rien, m\u00eame si ce n\u2019est pas la E10, \u00e7a circule quand m\u00eame un peu. Par endroit, il faut se mettre sur le cot\u00e9 et laisser passer les voitures pour qu\u2019elles puissent de croiser.<\/p>\n\n\n\n<p>C\u2019est parti. Sur le pont, petit coup d\u2019\u0153il sur Ramberg et les montagnes qui surplombent la ville.<\/p>\n\n\n\n<figure class=\"wp-block-image is-resized\"><img decoding=\"async\" loading=\"lazy\" src=\"http:\/\/www.carnets-dailleurs.com\/wp-content\/uploads\/2018\/12\/Ramberg-Montagne.jpg\" alt=\"\" class=\"wp-image-1285\" width=\"585\" height=\"329\" srcset=\"https:\/\/www.carnets-dailleurs.com\/wp-content\/uploads\/2018\/12\/Ramberg-Montagne.jpg 500w, https:\/\/www.carnets-dailleurs.com\/wp-content\/uploads\/2018\/12\/Ramberg-Montagne-300x169.jpg 300w, https:\/\/www.carnets-dailleurs.com\/wp-content\/uploads\/2018\/12\/Ramberg-Montagne-150x84.jpg 150w\" sizes=\"(max-width: 585px) 100vw, 585px\" \/><\/figure>\n\n\n\n<p>Avec ce ciel bleu, c\u2019est incroyable. Et il chauffe bien aussi ce soleil\u2026 t-shirt ! Je pense que je vais vite regretter de ne pas avoir mis mon pantacourt\u2026<\/p>\n\n\n\n<p>En chemin, des toilettes, avec le toit recouvert d\u2019herbe, des toilettes bien locales. Petite touche finale : le petit c\u0153ur sur la porte.<\/p>\n\n\n\n<figure class=\"wp-block-image is-resized\"><img decoding=\"async\" loading=\"lazy\" src=\"http:\/\/www.carnets-dailleurs.com\/wp-content\/uploads\/2018\/12\/WC-Coeur_Lofoten.jpg\" alt=\"\" class=\"wp-image-1286\" width=\"582\" height=\"327\" srcset=\"https:\/\/www.carnets-dailleurs.com\/wp-content\/uploads\/2018\/12\/WC-Coeur_Lofoten.jpg 500w, https:\/\/www.carnets-dailleurs.com\/wp-content\/uploads\/2018\/12\/WC-Coeur_Lofoten-300x169.jpg 300w, https:\/\/www.carnets-dailleurs.com\/wp-content\/uploads\/2018\/12\/WC-Coeur_Lofoten-150x84.jpg 150w\" sizes=\"(max-width: 582px) 100vw, 582px\" \/><\/figure>\n\n\n\n<p>Un peu plus loin, nous arrivons \u00e0 la hauteur du chemin sur lequel nous devons bifurquer. Andr\u00e9 passe devant et nous distance : il veut aller en haut de la falaise pour admirer la vue sur la plage de Kvalvika. Edwige d\u00e9cline, moi, je ne sais pas trop\u2026 J\u2019en ai envie et en m\u00eame temps, avec ce gros sac\u2026 Si seulement je pouvais le laisser en bas ! Du coup, nous suivons derri\u00e8re avec Edwige, \u00e0 notre rythme.<\/p>\n\n\n\n<p>Nous montons, montons\u2026 Vue de folie sur la plage, Ramberg et les montagnes.<\/p>\n\n\n\n<figure class=\"wp-block-image is-resized\"><img decoding=\"async\" loading=\"lazy\" src=\"http:\/\/www.carnets-dailleurs.com\/wp-content\/uploads\/2018\/12\/Cote-Ramberg_Lofoten.jpg\" alt=\"\" class=\"wp-image-1287\" width=\"585\" height=\"329\" srcset=\"https:\/\/www.carnets-dailleurs.com\/wp-content\/uploads\/2018\/12\/Cote-Ramberg_Lofoten.jpg 500w, https:\/\/www.carnets-dailleurs.com\/wp-content\/uploads\/2018\/12\/Cote-Ramberg_Lofoten-300x169.jpg 300w, https:\/\/www.carnets-dailleurs.com\/wp-content\/uploads\/2018\/12\/Cote-Ramberg_Lofoten-150x84.jpg 150w\" sizes=\"(max-width: 585px) 100vw, 585px\" \/><\/figure>\n\n\n\n<div class=\"wp-block-media-text alignwide\"><figure class=\"wp-block-media-text__media\"><img decoding=\"async\" loading=\"lazy\" width=\"540\" height=\"960\" src=\"http:\/\/www.carnets-dailleurs.com\/wp-content\/uploads\/2018\/12\/Maison-Hauteur-Ramberg_Lofoten.jpg\" alt=\"\" class=\"wp-image-1288\" srcset=\"https:\/\/www.carnets-dailleurs.com\/wp-content\/uploads\/2018\/12\/Maison-Hauteur-Ramberg_Lofoten.jpg 540w, https:\/\/www.carnets-dailleurs.com\/wp-content\/uploads\/2018\/12\/Maison-Hauteur-Ramberg_Lofoten-169x300.jpg 169w, https:\/\/www.carnets-dailleurs.com\/wp-content\/uploads\/2018\/12\/Maison-Hauteur-Ramberg_Lofoten-84x150.jpg 84w\" sizes=\"(max-width: 540px) 100vw, 540px\" \/><\/figure><div class=\"wp-block-media-text__content\">\n\n<p>Nous montons encore, jusqu\u2019\u00e0 arriver \u00e0 un petit groupe de maisons rouges. Qui peut donc bien habiter ici ? Est-ce un refuge ? <\/p>\n\n<\/div><\/div>\n\n\n\n<p>En tout cas, l\u2019emplacement est id\u00e9al, la vue sur la c\u00f4te, imparable. <\/p>\n\n\n\n<figure class=\"wp-block-image is-resized\"><img decoding=\"async\" loading=\"lazy\" src=\"http:\/\/www.carnets-dailleurs.com\/wp-content\/uploads\/2018\/12\/Vue-Cote-Ramberg_Lofoten.jpg\" alt=\"\" class=\"wp-image-1289\" width=\"583\" height=\"314\" srcset=\"https:\/\/www.carnets-dailleurs.com\/wp-content\/uploads\/2018\/12\/Vue-Cote-Ramberg_Lofoten.jpg 500w, https:\/\/www.carnets-dailleurs.com\/wp-content\/uploads\/2018\/12\/Vue-Cote-Ramberg_Lofoten-300x161.jpg 300w, https:\/\/www.carnets-dailleurs.com\/wp-content\/uploads\/2018\/12\/Vue-Cote-Ramberg_Lofoten-150x81.jpg 150w\" sizes=\"(max-width: 583px) 100vw, 583px\" \/><\/figure>\n\n\n\n<p>Depuis une petite cabane, un c\u00e2ble est pos\u00e9 et descend jusqu\u2019en bas de la montagne. Sert-il \u00e0 monter des vivres pour ravitailler les habitations ?<\/p>\n\n\n\n<p>Nous restons quelques instants ici et en profitons pour grignoter un morceau, au soleil. De l\u2019autre c\u00f4t\u00e9, la vue est aussi sublime. C\u2019est un \u00e9merveillement des yeux \u00e0 360\u00b0. Mer et plage d\u2019un c\u00f4t\u00e9, mer et montagnes de l\u2019autre.<br>Je fais le tour de la maison principale. Tout est ferm\u00e9 et d\u00e9sert. Au-dessus de la porte, un corbeau suspendu comme un troph\u00e9e de chasse.<br><\/p>\n\n\n\n<figure class=\"wp-block-image is-resized\"><img decoding=\"async\" loading=\"lazy\" src=\"http:\/\/www.carnets-dailleurs.com\/wp-content\/uploads\/2018\/12\/Maison-Oiseau_Lofoten.jpg\" alt=\"\" class=\"wp-image-1290\" width=\"585\" height=\"329\" srcset=\"https:\/\/www.carnets-dailleurs.com\/wp-content\/uploads\/2018\/12\/Maison-Oiseau_Lofoten.jpg 500w, https:\/\/www.carnets-dailleurs.com\/wp-content\/uploads\/2018\/12\/Maison-Oiseau_Lofoten-300x169.jpg 300w, https:\/\/www.carnets-dailleurs.com\/wp-content\/uploads\/2018\/12\/Maison-Oiseau_Lofoten-150x84.jpg 150w\" sizes=\"(max-width: 585px) 100vw, 585px\" \/><\/figure>\n\n\n\n<p>Nous reprenons la route, m\u00eame si c\u2019est dur de quitter ce lieu. Nous descendons d\u2019abord tout doucement dans l\u2019herbe. Ce sol tellement gorg\u00e9 d\u2019eau, ponctu\u00e9 de passage dans la boue\u2026 M\u00eame sous le soleil, \u00e7a ne change pas.<br>Nous arrivons \u00e0 proximit\u00e9 du chemin qui bifurque vers la falaise et nous commen\u00e7ons \u00e0 croiser quelques personnes. C\u2019est une balade classique que font les touristes apparemment. Nous apercevons d\u2019ailleurs pas mal de monde sur le chemin qui monte jusqu\u2019au sommet de la falaise. Et c\u2019est donc ici que nous devons d\u00e9cider si nous montons l\u00e0-haut ou pas. Edwige renonce, genou douloureux. Je renonce \u00e9galement : faire un aller-retour avec ce sac, pas envie du tout !<\/p>\n\n\n\n<p>Nous continuons donc et amor\u00e7ons la descente. Face \u00e0 nous, nous commen\u00e7ons \u00e0 apercevoir les montagnes de Kvalvika et on devine la descente\u2026<\/p>\n\n\n\n<figure class=\"wp-block-image is-resized\"><img decoding=\"async\" loading=\"lazy\" src=\"http:\/\/www.carnets-dailleurs.com\/wp-content\/uploads\/2018\/12\/Lac-Kvalvika.jpg\" alt=\"\" class=\"wp-image-1291\" width=\"585\" height=\"329\" srcset=\"https:\/\/www.carnets-dailleurs.com\/wp-content\/uploads\/2018\/12\/Lac-Kvalvika.jpg 500w, https:\/\/www.carnets-dailleurs.com\/wp-content\/uploads\/2018\/12\/Lac-Kvalvika-300x169.jpg 300w, https:\/\/www.carnets-dailleurs.com\/wp-content\/uploads\/2018\/12\/Lac-Kvalvika-150x84.jpg 150w\" sizes=\"(max-width: 585px) 100vw, 585px\" \/><\/figure>\n\n\n\n<p>Nous amor\u00e7ons la descente qui devient vite raide. Des marches se sont creus\u00e9es dans la terre. Les genoux en prennent encore un coup. Mais nous sommes tr\u00e8s vite r\u00e9compens\u00e9es quand la plage de Kvalvika appara\u00eet sous nos yeux, nich\u00e9e au pied des montagnes\u2026 <\/p>\n\n\n\n<figure class=\"wp-block-image is-resized\"><img decoding=\"async\" loading=\"lazy\" src=\"http:\/\/www.carnets-dailleurs.com\/wp-content\/uploads\/2018\/12\/Kvalvika-vue-haut_Lofoten.jpg\" alt=\"\" class=\"wp-image-1292\" width=\"585\" height=\"329\" srcset=\"https:\/\/www.carnets-dailleurs.com\/wp-content\/uploads\/2018\/12\/Kvalvika-vue-haut_Lofoten.jpg 500w, https:\/\/www.carnets-dailleurs.com\/wp-content\/uploads\/2018\/12\/Kvalvika-vue-haut_Lofoten-300x169.jpg 300w, https:\/\/www.carnets-dailleurs.com\/wp-content\/uploads\/2018\/12\/Kvalvika-vue-haut_Lofoten-150x84.jpg 150w\" sizes=\"(max-width: 585px) 100vw, 585px\" \/><\/figure>\n\n\n\n<p>Nous prenons notre temps dans la descente, nous croisons quelques personnes qui montent en sens inverse\u2026 Je n\u2019aimerais vraiment pas \u00eatre \u00e0 leur place ! Non seulement c\u2019est raide mais c\u2019est long !<\/p>\n\n\n\n<p>Arriv\u00e9es vers le bas, nous distinguons les gens sur la plage. Il y a quelques personnes qui bronzent au soleil.&nbsp;<\/p>\n\n\n\n<figure class=\"wp-block-image is-resized\"><img decoding=\"async\" loading=\"lazy\" src=\"http:\/\/www.carnets-dailleurs.com\/wp-content\/uploads\/2018\/12\/Plage-Kvalvika.jpg\" alt=\"\" class=\"wp-image-1293\" width=\"587\" height=\"330\" srcset=\"https:\/\/www.carnets-dailleurs.com\/wp-content\/uploads\/2018\/12\/Plage-Kvalvika.jpg 500w, https:\/\/www.carnets-dailleurs.com\/wp-content\/uploads\/2018\/12\/Plage-Kvalvika-300x169.jpg 300w, https:\/\/www.carnets-dailleurs.com\/wp-content\/uploads\/2018\/12\/Plage-Kvalvika-150x84.jpg 150w\" sizes=\"(max-width: 587px) 100vw, 587px\" \/><\/figure>\n\n\n\n<p>Ce sable blanc, cette mer bleu turquoise et cette chaleur : \u00e7a donne envie de se baigner ! <\/p>\n\n\n\n<figure class=\"wp-block-image is-resized\"><img decoding=\"async\" loading=\"lazy\" src=\"http:\/\/www.carnets-dailleurs.com\/wp-content\/uploads\/2018\/12\/Mer-Kvakvika_Lofoten.jpg\" alt=\"\" class=\"wp-image-1294\" width=\"584\" height=\"328\" srcset=\"https:\/\/www.carnets-dailleurs.com\/wp-content\/uploads\/2018\/12\/Mer-Kvakvika_Lofoten.jpg 500w, https:\/\/www.carnets-dailleurs.com\/wp-content\/uploads\/2018\/12\/Mer-Kvakvika_Lofoten-300x169.jpg 300w, https:\/\/www.carnets-dailleurs.com\/wp-content\/uploads\/2018\/12\/Mer-Kvakvika_Lofoten-150x84.jpg 150w\" sizes=\"(max-width: 584px) 100vw, 584px\" \/><\/figure>\n\n\n\n<p>Nous voici sur la plage. On d\u00e9note un peu au milieu des gens en short et en maillot de bain, avec nos chaussures de rando et nos gros sacs !<br>Nous d\u00e9cidons de traverser la premi\u00e8re plage et d\u2019aller se poser sur la deuxi\u00e8me, o\u00f9 il y a nettement moins de monde. L\u00e0, nous pourrons manger un morceau et\u2026 tremper les pieds dans la mer ? <\/p>\n\n\n\n<figure class=\"wp-block-image is-resized\"><img decoding=\"async\" loading=\"lazy\" src=\"http:\/\/www.carnets-dailleurs.com\/wp-content\/uploads\/2018\/12\/Carene-Plage-Kvalvika_Lofoten.jpg\" alt=\"\" class=\"wp-image-1295\" width=\"584\" height=\"389\" srcset=\"https:\/\/www.carnets-dailleurs.com\/wp-content\/uploads\/2018\/12\/Carene-Plage-Kvalvika_Lofoten.jpg 500w, https:\/\/www.carnets-dailleurs.com\/wp-content\/uploads\/2018\/12\/Carene-Plage-Kvalvika_Lofoten-300x200.jpg 300w, https:\/\/www.carnets-dailleurs.com\/wp-content\/uploads\/2018\/12\/Carene-Plage-Kvalvika_Lofoten-150x100.jpg 150w\" sizes=\"(max-width: 584px) 100vw, 584px\" \/><\/figure>\n\n\n\n<p>Pour arriver \u00e0 la deuxi\u00e8me plage, nous devons suivre un chemin qui passe dans les rochers, au-dessus de la mer. C\u2019est mouill\u00e9 forc\u00e9ment et donc tr\u00e8s glissant !! Heureusement, des cordes et des chaines sont install\u00e9es aux endroits cl\u00e9s. Ceci dit, la marche est quand m\u00eame parfois haute\u2026 A un endroit, une corde permet de faire une p\u00e9dale pour coincer le pied dedans et monter sur un rocher glissant. Je me lance la premi\u00e8re, avec mon sac sur le dos. J\u2019attrape la chaine au-dessus mais mon sac me fait pivoter sur le c\u00f4t\u00e9 et mon pied glisse sur le rocher. Heureusement, j\u2019ai toujours l\u2019autre pied dans la p\u00e9dale et j\u2019ai bien la chaine en main. Bordel, avec ce gros sac, ce n\u2019est vraiment pas la m\u00eame aventure. Je me hisse sur le rocher et retire mon pied de la corde avec un peu de peine. Il \u00e9tait bien coinc\u00e9 dedans, je ne risquais pas de d\u00e9raper ! J\u2019attrape le sac d\u2019Edwige et ses b\u00e2tons. Ce sera quand m\u00eame plus facile sans tout ce bardas. Elle se hisse \u00e0 son tour sur le rocher. Voil\u00e0, le plus dur est fait.<br>Andr\u00e9 nous a rejoint. Il est redescendu du haut de la falaise sur la plage et continue avec nous.<\/p>\n\n\n\n<div class=\"wp-block-media-text alignwide\"><figure class=\"wp-block-media-text__media\"><img decoding=\"async\" loading=\"lazy\" width=\"500\" height=\"750\" src=\"http:\/\/www.carnets-dailleurs.com\/wp-content\/uploads\/2018\/12\/Pied-dans-eau_Lofoten.jpg\" alt=\"\" class=\"wp-image-1296\" srcset=\"https:\/\/www.carnets-dailleurs.com\/wp-content\/uploads\/2018\/12\/Pied-dans-eau_Lofoten.jpg 500w, https:\/\/www.carnets-dailleurs.com\/wp-content\/uploads\/2018\/12\/Pied-dans-eau_Lofoten-200x300.jpg 200w, https:\/\/www.carnets-dailleurs.com\/wp-content\/uploads\/2018\/12\/Pied-dans-eau_Lofoten-100x150.jpg 100w\" sizes=\"(max-width: 500px) 100vw, 500px\" \/><\/figure><div class=\"wp-block-media-text__content\">\n\n<p>Nous arrivons sur la deuxi\u00e8me plage. L\u00e0, nous posons nos sacs, retirons nos chaussures et allons mettre les pieds dans l\u2019eau. Elle est gel\u00e9e !!!!!!!!!!!!!!!!! M\u00eame les mollets, \u00e7a pique !! Je comprends mieux que les gens bronzent sur la plage mais que personne ne soit dans l\u2019eau !<br>On y retourne quand m\u00eame avec Edwige, le temps de faire &nbsp;une photo\u2026 <\/p>\n\n<\/div><\/div>\n\n\n\n<p>Et mine de rien, \u00e7a fait quand m\u00eame du bien \u00e0 nos pieds meurtris.<\/p>\n\n\n\n<p>Nous d\u00e9jeunons sur la plage, face \u00e0 la mer. Et repartons pour la derni\u00e8re ligne droite avant Selfjord.<\/p>\n\n\n\n<p>Derni\u00e8re petite mont\u00e9e entre les montagnes puis nous longeons plusieurs lacs.<\/p>\n\n\n\n<figure class=\"wp-block-image is-resized\"><img decoding=\"async\" loading=\"lazy\" src=\"http:\/\/www.carnets-dailleurs.com\/wp-content\/uploads\/2018\/12\/Lacs-Kvalvika.jpg\" alt=\"\" class=\"wp-image-1297\" width=\"584\" height=\"328\" srcset=\"https:\/\/www.carnets-dailleurs.com\/wp-content\/uploads\/2018\/12\/Lacs-Kvalvika.jpg 500w, https:\/\/www.carnets-dailleurs.com\/wp-content\/uploads\/2018\/12\/Lacs-Kvalvika-300x169.jpg 300w, https:\/\/www.carnets-dailleurs.com\/wp-content\/uploads\/2018\/12\/Lacs-Kvalvika-150x84.jpg 150w\" sizes=\"(max-width: 584px) 100vw, 584px\" \/><\/figure>\n\n\n\n<p>La rive de certains est jonch\u00e9e de rochers\u2026 Pas top pour une fin de trek\u2026 Et celle du lac suivant est une vraie gadoue\u2026 D\u00e9cid\u00e9ment, les Lofoten ne nous laisserons jamais tranquille\u2026 Pour couronner le tout, j\u2019ai le tibia qui commence \u00e0 d\u00e9conner, une vieille douleur qui me lance \u00e0 chaque pas. Je traine la patte mais je continue \u00e0 avancer. Et la douleur finit par s\u2019att\u00e9nuer et partir.<\/p>\n\n\n\n<p>Nous arrivons sur la route.&nbsp;<\/p>\n\n\n\n<figure class=\"wp-block-image is-resized\"><img decoding=\"async\" loading=\"lazy\" src=\"http:\/\/www.carnets-dailleurs.com\/wp-content\/uploads\/2018\/12\/Route-Lofoten.jpg\" alt=\"\" class=\"wp-image-1298\" width=\"583\" height=\"328\" srcset=\"https:\/\/www.carnets-dailleurs.com\/wp-content\/uploads\/2018\/12\/Route-Lofoten.jpg 500w, https:\/\/www.carnets-dailleurs.com\/wp-content\/uploads\/2018\/12\/Route-Lofoten-300x169.jpg 300w, https:\/\/www.carnets-dailleurs.com\/wp-content\/uploads\/2018\/12\/Route-Lofoten-150x84.jpg 150w\" sizes=\"(max-width: 583px) 100vw, 583px\" \/><\/figure>\n\n\n\n<p>Cette fois, il ne reste vraiment plus beaucoup de distance jusqu\u2019au refuge. Car oui, ce soir, nous dormirons en refuge. Selfjord est l\u2019un des rares endroits aux Lofoten o\u00f9 il y a un refuge DNT. Et en tant que membre, j\u2019ai la cl\u00e9 qui ouvre la porte !<\/p>\n\n\n\n<p>Nous remontons le fjord\u2026<\/p>\n\n\n\n<figure class=\"wp-block-image is-resized\"><img decoding=\"async\" loading=\"lazy\" src=\"http:\/\/www.carnets-dailleurs.com\/wp-content\/uploads\/2018\/12\/Fjord-Selfjord_Lofoten.jpg\" alt=\"\" class=\"wp-image-1299\" width=\"582\" height=\"327\" srcset=\"https:\/\/www.carnets-dailleurs.com\/wp-content\/uploads\/2018\/12\/Fjord-Selfjord_Lofoten.jpg 500w, https:\/\/www.carnets-dailleurs.com\/wp-content\/uploads\/2018\/12\/Fjord-Selfjord_Lofoten-300x169.jpg 300w, https:\/\/www.carnets-dailleurs.com\/wp-content\/uploads\/2018\/12\/Fjord-Selfjord_Lofoten-150x84.jpg 150w\" sizes=\"(max-width: 582px) 100vw, 582px\" \/><\/figure>\n\n\n\n<div class=\"wp-block-media-text alignwide\"><figure class=\"wp-block-media-text__media\"><img decoding=\"async\" loading=\"lazy\" width=\"540\" height=\"960\" src=\"http:\/\/www.carnets-dailleurs.com\/wp-content\/uploads\/2018\/12\/Refuge-Selfjord_Lofoten.jpg\" alt=\"\" class=\"wp-image-1300\" srcset=\"https:\/\/www.carnets-dailleurs.com\/wp-content\/uploads\/2018\/12\/Refuge-Selfjord_Lofoten.jpg 540w, https:\/\/www.carnets-dailleurs.com\/wp-content\/uploads\/2018\/12\/Refuge-Selfjord_Lofoten-169x300.jpg 169w, https:\/\/www.carnets-dailleurs.com\/wp-content\/uploads\/2018\/12\/Refuge-Selfjord_Lofoten-84x150.jpg 84w\" sizes=\"(max-width: 540px) 100vw, 540px\" \/><\/figure><div class=\"wp-block-media-text__content\">\n\n<p>\u2026et nous quittons la route pour continuer encore quelques m\u00e8tres sur un sentier avant d\u2019arriver au refuge DNT.<br>Il y a d\u00e9j\u00e0 du monde, trois norv\u00e9giennes qui voyagent \u00e0 v\u00e9lo. Nous entrons dans le refuge pour nous installer quand l\u2019une d\u2019elle vient nous voir. Il y a une annexe au refuge, juste derri\u00e8re. Elle nous propose de la prendre, pour \u00eatre tranquilles. Et elles aussi, je pense. Nous allons voir avec Edwige. J\u2019ouvre le cadenas, on entre : c\u2019est parfait ! S\u00e9jour\u2026 <\/p>\n\n<\/div><\/div>\n\n\n\n<div class=\"wp-block-media-text alignwide has-media-on-the-right\"><figure class=\"wp-block-media-text__media\"><img decoding=\"async\" loading=\"lazy\" width=\"540\" height=\"960\" src=\"http:\/\/www.carnets-dailleurs.com\/wp-content\/uploads\/2018\/12\/Cuisine-Refuge_Lofoten.jpg\" alt=\"\" class=\"wp-image-1301\" srcset=\"https:\/\/www.carnets-dailleurs.com\/wp-content\/uploads\/2018\/12\/Cuisine-Refuge_Lofoten.jpg 540w, https:\/\/www.carnets-dailleurs.com\/wp-content\/uploads\/2018\/12\/Cuisine-Refuge_Lofoten-169x300.jpg 169w, https:\/\/www.carnets-dailleurs.com\/wp-content\/uploads\/2018\/12\/Cuisine-Refuge_Lofoten-84x150.jpg 84w\" sizes=\"(max-width: 540px) 100vw, 540px\" \/><\/figure><div class=\"wp-block-media-text__content\">\n\n<p>\u2026 et coin cuisine rien que pour nous. <\/p>\n\n<\/div><\/div>\n\n\n\n<p>Parfait, on prend !<\/p>\n\n\n\n<p>Par contre, il n\u2019y a pas d\u2019eau, dans aucun des refuges, le syst\u00e8me est cass\u00e9 et pas encore r\u00e9par\u00e9. &nbsp;Mais \u00e0 1km, il y a une petite cascade o\u00f9 nous pouvons faire le plein. Nous d\u00e9cidons d\u2019y aller tout de suite. Si on se pose, ce sera dur de repartir.<\/p>\n\n\n\n<p>C\u2019est parti. Nous devons revenir un peu sur nos pas en reprenant la route. Je n\u2019ai rien vu \u00e0 l\u2019aller mais en fait, si, il y a bien une cascade qui arrive en bas de la route. Je remplis mes 2L d\u2019eau et nous repartons. Je fais un petit aller-retour \u00e0 la cascade, histoire de r\u00e9cup\u00e9rer mes lunettes de soleil que j\u2019ai laiss\u00e9es tomber en prenant de l\u2019eau. Perdre mes lunettes, un classique\u2026<\/p>\n\n\n\n<p>Retour au refuge. Je d\u00e9balle mon sac, j\u2019\u00e9tale mes affaires bien partout. Edwige pr\u00e9pare l\u2019ap\u00e9ro, en coupant quelques rondelles de saucisson. Je sors 5 minutes et quand je reviens, un marcheur norv\u00e9gien est arriv\u00e9. Enfin, en r\u00e9alit\u00e9, ils sont un groupe de 7 norv\u00e9giens. D\u2019ailleurs, je me souviens les avoir aper\u00e7u sur la plage de Kvalvika tout \u00e0 l\u2019heure\u2026 Donc, nous n\u2019aurons pas le refuge pour nous toutes seules. Les autres personnes arrivent les unes apr\u00e8s les autres, entrent pour voir le refuge, ressortent. Finalement, l\u2019un des mecs vient nous voir et nous demande si cela ne nous d\u00e9range pas d\u2019aller dormir dans l\u2019autre refuge, pour que le groupe reste tous ensemble. Ok, \u00e7a nous va bien. Sauf que j\u2019ai vraiment \u00e9tal\u00e9 mes affaires partout dans le refuge ! Je les rassemble tant bien que mal &nbsp;et nous d\u00e9m\u00e9nageons. Les norv\u00e9giens nous remercient en fran\u00e7ais au passage.<\/p>\n\n\n\n<p>Nous voici donc dans l\u2019autre refuge, avec nos trois cyclistes norv\u00e9giennes. Une sacr\u00e9e bande de copines on dirait. Elles mettent un peu de musique, pr\u00e9parent leur repas. Nous, nous prenons d\u2019abord notre ap\u00e9ritif. Repas de f\u00eate ensuite : je me pr\u00e9pare les croquettes de poisson qu\u2019il me restait d\u2019hier avec des p\u00e2tes. Par contre, pour le fromage, c\u2019est mal partie\u2026 Ma vache qui rit au cheddar a compl\u00e8tement fondu avec la chaleur d\u2019aujourd\u2019hui, il y en a plein de paquet ! Je la mets pr\u00e8s de la fen\u00eatre, histoire qu\u2019elle soit au frais et qu\u2019elle se solidifie \u00e0 nouveau. Le chocolat a pris un coup aussi\u2026 Qui l\u2019eut cru aux Lofoten !<\/p>\n\n\n\n<p>Apr\u00e8s le repas, nous rejoignons notre petite chambre, pour une bonne nuit de sommeil. J\u2019\u00e9cris un peu avant de fermer les lumi\u00e8res \u00e0 23h30. Peu de temps apr\u00e8s, quelqu\u2019un ouvrira la porte de la chambre avant de la refermer. Un marcheur arriv\u00e9 tardivement qui cherchait une place pour dormir ? Dommage, c\u2019est complet.<\/p>\n\n\n\n<h2 class=\"wp-block-heading\">Photos de la journ\u00e9e<\/h2>\n\n\n\n\n","protected":false},"excerpt":{"rendered":"<p>Septi\u00e8me \u00e9tape de la travers\u00e9e (15 km) Ascension : 576 m \/ Descente : 575 m Premi\u00e8re \u00ab grasse matin\u00e9e \u00bb du trek\u2026 H\u00e9las, c\u2019\u00e9tait sans compter avec la famille tipi. \u0152il noir pendant que je fais chauffer l\u2019eau du caf\u00e9. Heureusement, je me venge sur un \u00e9norme muffin au&#8230;<\/p>\n<p> <a class=\"continue-reading-link\" href=\"https:\/\/www.carnets-dailleurs.com\/index.php\/2018\/12\/29\/22-juillet-2015-de-ramberg-a-selfjord\/\"><span>Lire la suite<\/span><i class=\"crycon-right-dir\"><\/i><\/a> <\/p>\n","protected":false},"author":1,"featured_media":0,"comment_status":"closed","ping_status":"closed","sticky":false,"template":"","format":"standard","meta":{"_mi_skip_tracking":false},"categories":[21],"tags":[],"_links":{"self":[{"href":"https:\/\/www.carnets-dailleurs.com\/index.php\/wp-json\/wp\/v2\/posts\/1280"}],"collection":[{"href":"https:\/\/www.carnets-dailleurs.com\/index.php\/wp-json\/wp\/v2\/posts"}],"about":[{"href":"https:\/\/www.carnets-dailleurs.com\/index.php\/wp-json\/wp\/v2\/types\/post"}],"author":[{"embeddable":true,"href":"https:\/\/www.carnets-dailleurs.com\/index.php\/wp-json\/wp\/v2\/users\/1"}],"replies":[{"embeddable":true,"href":"https:\/\/www.carnets-dailleurs.com\/index.php\/wp-json\/wp\/v2\/comments?post=1280"}],"version-history":[{"count":3,"href":"https:\/\/www.carnets-dailleurs.com\/index.php\/wp-json\/wp\/v2\/posts\/1280\/revisions"}],"predecessor-version":[{"id":6193,"href":"https:\/\/www.carnets-dailleurs.com\/index.php\/wp-json\/wp\/v2\/posts\/1280\/revisions\/6193"}],"wp:attachment":[{"href":"https:\/\/www.carnets-dailleurs.com\/index.php\/wp-json\/wp\/v2\/media?parent=1280"}],"wp:term":[{"taxonomy":"category","embeddable":true,"href":"https:\/\/www.carnets-dailleurs.com\/index.php\/wp-json\/wp\/v2\/categories?post=1280"},{"taxonomy":"post_tag","embeddable":true,"href":"https:\/\/www.carnets-dailleurs.com\/index.php\/wp-json\/wp\/v2\/tags?post=1280"}],"curies":[{"name":"wp","href":"https:\/\/api.w.org\/{rel}","templated":true}]}}