{"id":1325,"date":"2018-12-29T19:36:47","date_gmt":"2018-12-29T18:36:47","guid":{"rendered":"http:\/\/www.carnets-dailleurs.com\/?p=1325"},"modified":"2023-05-02T16:41:59","modified_gmt":"2023-05-02T14:41:59","slug":"23-juillet-2015-de-selfjord-a-kirkefjorden","status":"publish","type":"post","link":"https:\/\/www.carnets-dailleurs.com\/index.php\/2018\/12\/29\/23-juillet-2015-de-selfjord-a-kirkefjorden\/","title":{"rendered":"23 juillet 2015 &#8211; De Selfjord \u00e0 Kirkefjorden"},"content":{"rendered":"\n<p>Huiti\u00e8me \u00e9tape de la travers\u00e9e (10 km) <\/p>\n\n\n\n<figure class=\"wp-block-gallery columns-2 is-cropped wp-block-gallery-1 is-layout-flex\"><ul class=\"blocks-gallery-grid\"><li class=\"blocks-gallery-item\"><figure><img decoding=\"async\" loading=\"lazy\" width=\"500\" height=\"308\" src=\"http:\/\/www.carnets-dailleurs.com\/wp-content\/uploads\/2018\/12\/Carte_Etape-8_Lofoten-1.jpg\" alt=\"\" data-id=\"1326\" data-link=\"http:\/\/www.carnets-dailleurs.com\/?attachment_id=1326\" class=\"wp-image-1326\" srcset=\"https:\/\/www.carnets-dailleurs.com\/wp-content\/uploads\/2018\/12\/Carte_Etape-8_Lofoten-1.jpg 500w, https:\/\/www.carnets-dailleurs.com\/wp-content\/uploads\/2018\/12\/Carte_Etape-8_Lofoten-1-300x185.jpg 300w, https:\/\/www.carnets-dailleurs.com\/wp-content\/uploads\/2018\/12\/Carte_Etape-8_Lofoten-1-150x92.jpg 150w\" sizes=\"(max-width: 500px) 100vw, 500px\" \/><\/figure><\/li><li class=\"blocks-gallery-item\"><figure><img decoding=\"async\" loading=\"lazy\" width=\"500\" height=\"651\" src=\"http:\/\/www.carnets-dailleurs.com\/wp-content\/uploads\/2018\/12\/Carte_Etape-8_Lofoten-2.jpg\" alt=\"\" data-id=\"1327\" data-link=\"http:\/\/www.carnets-dailleurs.com\/?attachment_id=1327\" class=\"wp-image-1327\" srcset=\"https:\/\/www.carnets-dailleurs.com\/wp-content\/uploads\/2018\/12\/Carte_Etape-8_Lofoten-2.jpg 500w, https:\/\/www.carnets-dailleurs.com\/wp-content\/uploads\/2018\/12\/Carte_Etape-8_Lofoten-2-230x300.jpg 230w, https:\/\/www.carnets-dailleurs.com\/wp-content\/uploads\/2018\/12\/Carte_Etape-8_Lofoten-2-115x150.jpg 115w\" sizes=\"(max-width: 500px) 100vw, 500px\" \/><\/figure><\/li><\/ul><\/figure>\n\n\n\n<p>Ascension : 680 m \/ Descente : 694 m <\/p>\n\n\n\n<figure class=\"wp-block-image is-resized\"><img decoding=\"async\" loading=\"lazy\" src=\"http:\/\/www.carnets-dailleurs.com\/wp-content\/uploads\/2018\/12\/Denivele_Etape-8_Lofoten.jpg\" alt=\"\" class=\"wp-image-1328\" width=\"583\" height=\"218\" srcset=\"https:\/\/www.carnets-dailleurs.com\/wp-content\/uploads\/2018\/12\/Denivele_Etape-8_Lofoten.jpg 500w, https:\/\/www.carnets-dailleurs.com\/wp-content\/uploads\/2018\/12\/Denivele_Etape-8_Lofoten-300x112.jpg 300w, https:\/\/www.carnets-dailleurs.com\/wp-content\/uploads\/2018\/12\/Denivele_Etape-8_Lofoten-150x56.jpg 150w\" sizes=\"(max-width: 583px) 100vw, 583px\" \/><\/figure>\n\n\n\n<p>Lever aux aurores. L\u2019\u00e9tape n\u2019est pas longue mais nous avons encore un petit d\u00e9nivel\u00e9 \u00e0 passer et surtout, nous devons arriver \u00e0 temps pour prendre le bateau de 15h20 \u00e0 Kirkfjorden. Si nous le loupons, nous devrons attendre le lendemain\u2026<\/p>\n\n\n\n<p>Les trois copines norv\u00e9giennes se l\u00e8vent en m\u00eame temps que nous et on dirait que \u00e7a bouge aussi dans le refuge d\u2019\u00e0 cot\u00e9. Le groupe de marcheurs est aussi cens\u00e9 prendre le m\u00eame bateau que nous. Donc nous allons certainement faire un bout de chemin avec eux.<\/p>\n\n\n\n<p>Le temps de faire un brin de m\u00e9nage dans la chambre et nous partons. Nous nous dirigeons vers le fond du fjord, en avan\u00e7ant \u00e0 travers une for\u00eat de bouleaux. Pour ne pas changer, le sol est gorg\u00e9 d\u2019eau. Mes chaussures sont tremp\u00e9es en quelques minutes mais nous avan\u00e7ons d\u2019un bon pas. Nous ne voulons pas trop trainer avant la mont\u00e9e.<\/p>\n\n\n\n<p>En chemin, nous croisons des kayakistes qui campent au bord du fjord, ainsi qu\u2019une petite tente verte un peu plus loin. On dirait celle que nous avons d\u00e9j\u00e0 vue il y a quelques jours\u2026 Par contre, aucune trace de celle d\u2019Andr\u00e9. Lui n\u2019est pas rest\u00e9 au refuge hier soir, il est all\u00e9 bivouaquer plus loin, mais o\u00f9 ?<br><\/p>\n\n\n\n<p>Le ciel est bien gris ce matin. Les sommets sont brumeux et il commence \u00e0 pleuvoir. Nous enfilons nos vestes m\u00eame si la pluie cesse rapidement. Il ne fait pas froid, nos vestes font vite office de sauna.<\/p>\n\n\n\n<p>Un premier passage monte en direction de la montagne. Un passage qui serpente dans les rochers, mouill\u00e9s, glissants. Les marches sont hautes, c\u2019est un peu p\u00e9nible.<br>Nous arrivons au pied de la montagne. Peu de distance \u00e0 parcourir mais une belle pente bien raide comme c\u2019est l\u2019habitude ici. Nous attaquons. Des marches encore mais aussi et surtout de la boue. Par moment, nous montons les pieds dans l\u2019eau qui ruisselle du haut de la montagne.<br>Mais finalement, au bout de 30 minutes, nous sommes au sommet. Nous ne pensions pas \u00eatre aussi efficaces ! Un petit coup d\u2019\u0153il derri\u00e8re nous : Selfjord est bien loin !<br><\/p>\n\n\n\n<figure class=\"wp-block-image is-resized\"><img decoding=\"async\" loading=\"lazy\" src=\"http:\/\/www.carnets-dailleurs.com\/wp-content\/uploads\/2018\/12\/Lac-arc-de-cercle_Lofoten.jpg\" alt=\"\" class=\"wp-image-1329\" width=\"580\" height=\"326\" srcset=\"https:\/\/www.carnets-dailleurs.com\/wp-content\/uploads\/2018\/12\/Lac-arc-de-cercle_Lofoten.jpg 500w, https:\/\/www.carnets-dailleurs.com\/wp-content\/uploads\/2018\/12\/Lac-arc-de-cercle_Lofoten-300x169.jpg 300w, https:\/\/www.carnets-dailleurs.com\/wp-content\/uploads\/2018\/12\/Lac-arc-de-cercle_Lofoten-150x84.jpg 150w\" sizes=\"(max-width: 580px) 100vw, 580px\" \/><\/figure>\n\n\n\n<p>Et aucune trace de marcheurs derri\u00e8re nous. Ni Andr\u00e9, ni le groupe de norv\u00e9giens\u2026.<br>Nous terminons les derniers m\u00e8tres dans la neige. <\/p>\n\n\n\n<figure class=\"wp-block-image is-resized\"><img decoding=\"async\" loading=\"lazy\" src=\"http:\/\/www.carnets-dailleurs.com\/wp-content\/uploads\/2018\/12\/Neige_Lofoten.jpg\" alt=\"\" class=\"wp-image-1330\" width=\"581\" height=\"327\" srcset=\"https:\/\/www.carnets-dailleurs.com\/wp-content\/uploads\/2018\/12\/Neige_Lofoten.jpg 500w, https:\/\/www.carnets-dailleurs.com\/wp-content\/uploads\/2018\/12\/Neige_Lofoten-300x169.jpg 300w, https:\/\/www.carnets-dailleurs.com\/wp-content\/uploads\/2018\/12\/Neige_Lofoten-150x84.jpg 150w\" sizes=\"(max-width: 581px) 100vw, 581px\" \/><\/figure>\n\n\n\n<p>Nous arrivons aussi dans la brume. On ne voit pas grand-chose en face\u2026 Un lac appara\u00eet par moment, quand la brume se dissipe un peu, avant de revenir. <\/p>\n\n\n\n<figure class=\"wp-block-image is-resized\"><img decoding=\"async\" loading=\"lazy\" src=\"http:\/\/www.carnets-dailleurs.com\/wp-content\/uploads\/2018\/12\/Lac-Brume_Lofoten.jpg\" alt=\"\" class=\"wp-image-1331\" width=\"585\" height=\"329\" srcset=\"https:\/\/www.carnets-dailleurs.com\/wp-content\/uploads\/2018\/12\/Lac-Brume_Lofoten.jpg 500w, https:\/\/www.carnets-dailleurs.com\/wp-content\/uploads\/2018\/12\/Lac-Brume_Lofoten-300x169.jpg 300w, https:\/\/www.carnets-dailleurs.com\/wp-content\/uploads\/2018\/12\/Lac-Brume_Lofoten-150x84.jpg 150w\" sizes=\"(max-width: 585px) 100vw, 585px\" \/><\/figure>\n\n\n\n<div class=\"wp-block-media-text alignwide\"><figure class=\"wp-block-media-text__media\"><img decoding=\"async\" loading=\"lazy\" width=\"540\" height=\"960\" src=\"http:\/\/www.carnets-dailleurs.com\/wp-content\/uploads\/2018\/12\/Montagne-Brume_Lofoten.jpg\" alt=\"\" class=\"wp-image-1332\" srcset=\"https:\/\/www.carnets-dailleurs.com\/wp-content\/uploads\/2018\/12\/Montagne-Brume_Lofoten.jpg 540w, https:\/\/www.carnets-dailleurs.com\/wp-content\/uploads\/2018\/12\/Montagne-Brume_Lofoten-169x300.jpg 169w, https:\/\/www.carnets-dailleurs.com\/wp-content\/uploads\/2018\/12\/Montagne-Brume_Lofoten-84x150.jpg 84w\" sizes=\"(max-width: 540px) 100vw, 540px\" \/><\/figure><div class=\"wp-block-media-text__content\">\n<p>Nous avan\u00e7ons dans la brume quand tout \u00e0 coup, un monstre de montagne apparait sur notre gauche, avec sa belle ar\u00eate \u00e9troite\u2026 <\/p>\n<\/div><\/div>\n\n\n\n<p>Dans cet environnement brumeux, c\u2019est assez impressionnant et inqui\u00e9tant\u2026 Mais rapidement, le monstre disparait \u00e0 nouveau dans la brume\u2026 Qui sait ce que nous allons d\u00e9couvrir plus tard\u2026<br>Nous continuons sur le chemin. Toujours cette gadoue, toujours ce terrain glissant. Nous descendons et la brume se dissipe \u00e0 nouveau. Cette fois, c\u2019est une \u00e9norme paroie rocheuse rose qui se dresse devant nous. Waouh !!! <\/p>\n\n\n\n<figure class=\"wp-block-image is-resized\"><img decoding=\"async\" loading=\"lazy\" src=\"http:\/\/www.carnets-dailleurs.com\/wp-content\/uploads\/2018\/12\/Paroie-rose_Lofoten.jpg\" alt=\"\" class=\"wp-image-1333\" width=\"586\" height=\"329\" srcset=\"https:\/\/www.carnets-dailleurs.com\/wp-content\/uploads\/2018\/12\/Paroie-rose_Lofoten.jpg 500w, https:\/\/www.carnets-dailleurs.com\/wp-content\/uploads\/2018\/12\/Paroie-rose_Lofoten-300x169.jpg 300w, https:\/\/www.carnets-dailleurs.com\/wp-content\/uploads\/2018\/12\/Paroie-rose_Lofoten-150x84.jpg 150w\" sizes=\"(max-width: 586px) 100vw, 586px\" \/><\/figure>\n\n\n\n<div class=\"wp-block-media-text alignwide has-media-on-the-right\"><figure class=\"wp-block-media-text__media\"><img decoding=\"async\" loading=\"lazy\" width=\"500\" height=\"750\" src=\"http:\/\/www.carnets-dailleurs.com\/wp-content\/uploads\/2018\/12\/Carene_Lofoten.jpg\" alt=\"\" class=\"wp-image-1334\" srcset=\"https:\/\/www.carnets-dailleurs.com\/wp-content\/uploads\/2018\/12\/Carene_Lofoten.jpg 500w, https:\/\/www.carnets-dailleurs.com\/wp-content\/uploads\/2018\/12\/Carene_Lofoten-200x300.jpg 200w, https:\/\/www.carnets-dailleurs.com\/wp-content\/uploads\/2018\/12\/Carene_Lofoten-100x150.jpg 100w\" sizes=\"(max-width: 500px) 100vw, 500px\" \/><\/figure><div class=\"wp-block-media-text__content\">\n<p>En fait, \u00e0 ce moment, &nbsp;nous nous rendons compte que nous sommes cern\u00e9es par les montagnes. Nous n\u2019avions rien vu \u00e0 cause de la brume mais les g\u00e9ants de pierres sont bien pr\u00e9sents tout autour de nous. \u00c7a r\u00e9sonne m\u00eame un peu d\u00e8s qu\u2019on parle fort\u2026 Hostile est l\u2019endroit, humble, nous sommes\u2026 On se demande toutes les deux pourquoi on recherche \u00e0 chaque fois ce genre d\u2019endroit o\u00f9 l\u2019homme n\u2019est clairement pas le bienvenue\u2026&nbsp; <\/p>\n<\/div><\/div>\n\n\n\n<div class=\"wp-block-media-text alignwide\"><figure class=\"wp-block-media-text__media\"><img decoding=\"async\" loading=\"lazy\" width=\"540\" height=\"960\" src=\"http:\/\/www.carnets-dailleurs.com\/wp-content\/uploads\/2018\/12\/Boue_Lofoten.jpg\" alt=\"\" class=\"wp-image-1335\" srcset=\"https:\/\/www.carnets-dailleurs.com\/wp-content\/uploads\/2018\/12\/Boue_Lofoten.jpg 540w, https:\/\/www.carnets-dailleurs.com\/wp-content\/uploads\/2018\/12\/Boue_Lofoten-169x300.jpg 169w, https:\/\/www.carnets-dailleurs.com\/wp-content\/uploads\/2018\/12\/Boue_Lofoten-84x150.jpg 84w\" sizes=\"(max-width: 540px) 100vw, 540px\" \/><\/figure><div class=\"wp-block-media-text__content\">\n<p>La descente qui s\u2019ensuit est longue et fastidieuse. Je crois que nous sommes en train de battre notre record de boue, de pierres glissantes et de sol gorg\u00e9 d\u2019eau. Pour donner une petite id\u00e9e du sol sur lequel nous marchons : <\/p>\n<\/div><\/div>\n\n\n\n<div class=\"wp-block-media-text alignwide has-media-on-the-right\"><figure class=\"wp-block-media-text__media\"><img decoding=\"async\" loading=\"lazy\" width=\"540\" height=\"960\" src=\"http:\/\/www.carnets-dailleurs.com\/wp-content\/uploads\/2018\/12\/Boue-Chaussure_Lofoten.jpg\" alt=\"\" class=\"wp-image-1336\" srcset=\"https:\/\/www.carnets-dailleurs.com\/wp-content\/uploads\/2018\/12\/Boue-Chaussure_Lofoten.jpg 540w, https:\/\/www.carnets-dailleurs.com\/wp-content\/uploads\/2018\/12\/Boue-Chaussure_Lofoten-169x300.jpg 169w, https:\/\/www.carnets-dailleurs.com\/wp-content\/uploads\/2018\/12\/Boue-Chaussure_Lofoten-84x150.jpg 84w\" sizes=\"(max-width: 540px) 100vw, 540px\" \/><\/figure><div class=\"wp-block-media-text__content\">\n<p>La pente est raide, il faut tout le temps \u00eatre vigilant. C\u2019est \u00e9prouvant pour les genoux. Finalement, dans ce pays, je pr\u00e9f\u00e8re monter que descendre. Je finis d\u2019ailleurs par chuter au d\u00e9tour d\u2019un virage. Heureusement, je roule sur le c\u00f4t\u00e9 du chemin, dans les myrtilles. Un peu plus et je me retrouvais couverte de boue ! D\u00e9j\u00e0 que mon pantalon se fait grignoter petit \u00e0 petit par la boue\u2026 et comment \u00e0 devenir bien croteux ! <\/p>\n<\/div><\/div>\n\n\n\n<div class=\"wp-block-media-text alignwide\"><figure class=\"wp-block-media-text__media\"><img decoding=\"async\" loading=\"lazy\" width=\"540\" height=\"960\" src=\"http:\/\/www.carnets-dailleurs.com\/wp-content\/uploads\/2018\/12\/Plage_Lofoten.jpg\" alt=\"\" class=\"wp-image-1337\" srcset=\"https:\/\/www.carnets-dailleurs.com\/wp-content\/uploads\/2018\/12\/Plage_Lofoten.jpg 540w, https:\/\/www.carnets-dailleurs.com\/wp-content\/uploads\/2018\/12\/Plage_Lofoten-169x300.jpg 169w, https:\/\/www.carnets-dailleurs.com\/wp-content\/uploads\/2018\/12\/Plage_Lofoten-84x150.jpg 84w\" sizes=\"(max-width: 540px) 100vw, 540px\" \/><\/figure><div class=\"wp-block-media-text__content\">\n<p>Nous voici enfin en bas, entour\u00e9es de ces montagnes, bien visibles maintenant que la brume s\u2019est dissip\u00e9e. Krakhammartinden et Breiflogtinden sont dans la place. Au loin, sur la droite, une plage de sable blanc et la mer.  <\/p>\n<\/div><\/div>\n\n\n\n<p>Nous voyons pas mal de personne y aller ou en venir. Une balade faisable en une journ\u00e9e depuis Kirkefjorden, pour ceux qui viennent en bateau. Kirkefjorden. L\u2019endroit justement o\u00f9 nous allons pour prendre notre bateau. Un dernier raidillon et nous y sommes. Une belle montagne encore sur notre gauche. <\/p>\n\n\n\n<figure class=\"wp-block-image is-resized\"><img decoding=\"async\" loading=\"lazy\" src=\"http:\/\/www.carnets-dailleurs.com\/wp-content\/uploads\/2018\/12\/Montagne_Lofoten.jpg\" alt=\"\" class=\"wp-image-1338\" width=\"583\" height=\"328\" srcset=\"https:\/\/www.carnets-dailleurs.com\/wp-content\/uploads\/2018\/12\/Montagne_Lofoten.jpg 500w, https:\/\/www.carnets-dailleurs.com\/wp-content\/uploads\/2018\/12\/Montagne_Lofoten-300x169.jpg 300w, https:\/\/www.carnets-dailleurs.com\/wp-content\/uploads\/2018\/12\/Montagne_Lofoten-150x84.jpg 150w\" sizes=\"(max-width: 583px) 100vw, 583px\" \/><\/figure>\n\n\n\n<p>\u2026 Le village avec le fjord devant nous\u2026 <\/p>\n\n\n\n<figure class=\"wp-block-image is-resized\"><img decoding=\"async\" loading=\"lazy\" src=\"http:\/\/www.carnets-dailleurs.com\/wp-content\/uploads\/2018\/12\/Kirkefjorden_Lofoten.jpg\" alt=\"\" class=\"wp-image-1339\" width=\"584\" height=\"328\" srcset=\"https:\/\/www.carnets-dailleurs.com\/wp-content\/uploads\/2018\/12\/Kirkefjorden_Lofoten.jpg 500w, https:\/\/www.carnets-dailleurs.com\/wp-content\/uploads\/2018\/12\/Kirkefjorden_Lofoten-300x169.jpg 300w, https:\/\/www.carnets-dailleurs.com\/wp-content\/uploads\/2018\/12\/Kirkefjorden_Lofoten-150x84.jpg 150w\" sizes=\"(max-width: 584px) 100vw, 584px\" \/><\/figure>\n\n\n\n<p>\u2026 Les maisons nich\u00e9es entre la mer et les montagnes\u2026 <\/p>\n\n\n\n<figure class=\"wp-block-image is-resized\"><img decoding=\"async\" loading=\"lazy\" src=\"http:\/\/www.carnets-dailleurs.com\/wp-content\/uploads\/2018\/12\/Kirkefjorden-Maisons_Lofoten.jpg\" alt=\"\" class=\"wp-image-1340\" width=\"583\" height=\"328\" srcset=\"https:\/\/www.carnets-dailleurs.com\/wp-content\/uploads\/2018\/12\/Kirkefjorden-Maisons_Lofoten.jpg 500w, https:\/\/www.carnets-dailleurs.com\/wp-content\/uploads\/2018\/12\/Kirkefjorden-Maisons_Lofoten-300x169.jpg 300w, https:\/\/www.carnets-dailleurs.com\/wp-content\/uploads\/2018\/12\/Kirkefjorden-Maisons_Lofoten-150x84.jpg 150w\" sizes=\"(max-width: 583px) 100vw, 583px\" \/><\/figure>\n\n\n\n<p>Derni\u00e8re descente, derni\u00e8res dalles, dernier passages boueux. Nous arrivons au bord de la mer et nous retrouvons Andr\u00e9 qui est arriv\u00e9 depuis un peu moins d\u2019une heure. Nous d\u00e9jeunons tous ensemble au bord de l\u2019eau. Autour de nous, le village semble assez d\u00e9sert, avec pas mal de b\u00e2timents abandonn\u00e9s. <\/p>\n\n\n\n<figure class=\"wp-block-image is-resized\"><img decoding=\"async\" loading=\"lazy\" src=\"http:\/\/www.carnets-dailleurs.com\/wp-content\/uploads\/2018\/12\/Kirkefjorden-Maisons-abandonnees_Lofoten.jpg\" alt=\"\" class=\"wp-image-1341\" width=\"587\" height=\"330\" srcset=\"https:\/\/www.carnets-dailleurs.com\/wp-content\/uploads\/2018\/12\/Kirkefjorden-Maisons-abandonnees_Lofoten.jpg 500w, https:\/\/www.carnets-dailleurs.com\/wp-content\/uploads\/2018\/12\/Kirkefjorden-Maisons-abandonnees_Lofoten-300x169.jpg 300w, https:\/\/www.carnets-dailleurs.com\/wp-content\/uploads\/2018\/12\/Kirkefjorden-Maisons-abandonnees_Lofoten-150x84.jpg 150w\" sizes=\"(max-width: 587px) 100vw, 587px\" \/><\/figure>\n\n\n\n<div class=\"wp-block-media-text alignwide\"><figure class=\"wp-block-media-text__media\"><img decoding=\"async\" loading=\"lazy\" width=\"540\" height=\"960\" src=\"http:\/\/www.carnets-dailleurs.com\/wp-content\/uploads\/2018\/12\/Kirkefjorden-Embarcadere_Lofoten.jpg\" alt=\"\" class=\"wp-image-1342\" srcset=\"https:\/\/www.carnets-dailleurs.com\/wp-content\/uploads\/2018\/12\/Kirkefjorden-Embarcadere_Lofoten.jpg 540w, https:\/\/www.carnets-dailleurs.com\/wp-content\/uploads\/2018\/12\/Kirkefjorden-Embarcadere_Lofoten-169x300.jpg 169w, https:\/\/www.carnets-dailleurs.com\/wp-content\/uploads\/2018\/12\/Kirkefjorden-Embarcadere_Lofoten-84x150.jpg 84w\" sizes=\"(max-width: 540px) 100vw, 540px\" \/><\/figure><div class=\"wp-block-media-text__content\">\n<p>Nous nous dirigeons vers le ponton, pour attendre le bateau. Il y a d\u00e9j\u00e0 quelques personnes qui attendent et les boites aux lettres semblent fig\u00e9es dans le temps\u2026  <\/p>\n<\/div><\/div>\n\n\n\n<p>C\u2019est maintenant le moment pour nous de d\u00e9cider de l\u2019arr\u00eat auquel nous allons descendre. Quand nous sommes arriv\u00e9s \u00e0 Kirkefjorden, nous \u00e9tions tous motiv\u00e9s pour traverser et continuer en direction de Munkebu. Le ciel semblait se d\u00e9gager et nous \u00e9tions encore en forme. Mais apr\u00e8s une bonne heure d\u2019arr\u00eat, nous commen\u00e7ons \u00e0 douter. Andr\u00e9 d\u2019abord. Il renonce et d\u00e9cide de continuer en bateau jusque Reine, pour prendre ensuite le bus jusque Moskenes. Avec Edwige, on h\u00e9site. Je trouve vraiment dommage de ne pas faire cette \u00e9tape. En m\u00eame temps, le sommet o\u00f9 nous devons aller est dans la brume\u2026 et nous oblige \u00e0 faire encore 700m de d\u00e9nivel\u00e9. Sachant en plus qu\u2019on ne sait pas trop o\u00f9 on va pouvoir planter la tente, il est possible qu\u2019on doive chercher un peu\u2026 On pourrait camper en bas et monter demain ? Mais d\u2019apr\u00e8s la carte, c\u2019est trop pentu et trop proche de l\u2019eau. Edwige commence aussi \u00e0 avoir tr\u00e8s mal au genou. Tout cela combin\u00e9 fait qu\u2019on finit par renoncer aussi. On se dit que l\u2019on peut faire les derni\u00e8res \u00e9tapes dans l\u2019autre sens, du sud vers le nord. On \u00e9vite ainsi cette mont\u00e9e et ce bivouac incertain\u2026<\/p>\n\n\n\n<p>Il nous reste encore 1h avant que le bateau n\u2019arrive. D\u2019autres personnes arrivent les unes apr\u00e8s les autres, un groupe aussi. Mais pas notre groupe de norv\u00e9giens crois\u00e9 au refuge DNT hier soir. Bizarre, ils sont cens\u00e9s prendre le m\u00eame bateau que nous\u2026<\/p>\n\n\n\n<p>Il commence \u00e0 faire un peu froid et \u00e0 pleuvoir un peu. Heureusement, le bateau arrive. Il d\u00e9barque d\u2019abord ses passagers venus de Reine, dont un vieux monsieur qui a l\u2019air du cru : il porte un carton qui lui sert de valise, avec une corde pour la transporter, chemise \u00e0 carreaux, barbe et cheveux hirsutes. Un Viking.<\/p>\n\n\n\n<p>Nous embarquons. Les sacs sont entass\u00e9s \u00e0 l\u2019avant tandis que nous avan\u00e7ons vers l\u2019arri\u00e8re du bateau. Le bateau part et s\u2019\u00e9loigne de Kirkefjorden. Au revoir les montagnes. Nous les regardons s\u2019\u00e9loigner. Ce fjord est vraiment splendide.<\/p>\n\n\n\n<figure class=\"wp-block-image is-resized\"><img decoding=\"async\" loading=\"lazy\" src=\"http:\/\/www.carnets-dailleurs.com\/wp-content\/uploads\/2018\/12\/Kirkefjorden-depart-bateau_Lofoten.jpg\" alt=\"\" class=\"wp-image-1343\" width=\"587\" height=\"330\" srcset=\"https:\/\/www.carnets-dailleurs.com\/wp-content\/uploads\/2018\/12\/Kirkefjorden-depart-bateau_Lofoten.jpg 500w, https:\/\/www.carnets-dailleurs.com\/wp-content\/uploads\/2018\/12\/Kirkefjorden-depart-bateau_Lofoten-300x169.jpg 300w, https:\/\/www.carnets-dailleurs.com\/wp-content\/uploads\/2018\/12\/Kirkefjorden-depart-bateau_Lofoten-150x84.jpg 150w\" sizes=\"(max-width: 587px) 100vw, 587px\" \/><\/figure>\n\n\n\n<p>Nous faisons un premier arr\u00eat \u00e0 Vinstad. Plusieurs personnes d\u00e9barquent tandis que d\u2019autres montent. C\u2019est un endroit o\u00f9 il y a une plage assez sympa et r\u00e9put\u00e9e mais moins jolie que celle de Kvalvika parait-il. Quoi qu\u2019il arrive, certainement un endroit sympa pour passer la nuit et voir le soleil de minuit.<\/p>\n\n\n\n<p>Mais nous sommes tous les trois occup\u00e9s \u00e0 autre chose. De Vinstad, on aper\u00e7oit Forsfjorden, le fjord au fond duquel nous aurions d\u00fb nous arr\u00eater si nous avions continu\u00e9 jusque Munkebu. Et bien, nous n\u2019avons aucun regret. En bas, pas moyen de planter une tente, c\u2019est vraiment trop abrupte. Donc nous aurions \u00e9t\u00e9 oblig\u00e9s de monter. Et alors, quelle mont\u00e9e ! C\u2019est hyper raide et la cr\u00eate semble bien mouill\u00e9e, avec une belle barre rocheuse en-dessous. Bref, pas le genre de passage \u00e0 prendre si tu n\u2019es pas en forme et si la m\u00e9t\u00e9o n\u2019est pas cl\u00e9mente. Donc pas de regret pour aujourd\u2019hui mais par contre, je veux absolument monter jusque Munkebu depuis Moskenes. L\u2019endroit est cern\u00e9 par de grandes montagnes, \u00e7a a l\u2019air sublime ! En aller-retour, sans gros sac, \u00e7a devrait \u00eatre sympa. En attendant, demain, nous irons faire le tour du lac \u00e0 \u00c5.<\/p>\n\n\n\n<p>Le bateau repart et se dirige maintenant vers Reine. Tout autour de nous, ces montagnes abruptes qui se jettent dans la mer.<\/p>\n\n\n\n<figure class=\"wp-block-image is-resized\"><img decoding=\"async\" loading=\"lazy\" src=\"http:\/\/www.carnets-dailleurs.com\/wp-content\/uploads\/2018\/12\/Reine-Montagnes_Lofoten.jpg\" alt=\"\" class=\"wp-image-1344\" width=\"584\" height=\"328\" srcset=\"https:\/\/www.carnets-dailleurs.com\/wp-content\/uploads\/2018\/12\/Reine-Montagnes_Lofoten.jpg 500w, https:\/\/www.carnets-dailleurs.com\/wp-content\/uploads\/2018\/12\/Reine-Montagnes_Lofoten-300x169.jpg 300w, https:\/\/www.carnets-dailleurs.com\/wp-content\/uploads\/2018\/12\/Reine-Montagnes_Lofoten-150x84.jpg 150w\" sizes=\"(max-width: 584px) 100vw, 584px\" \/><\/figure>\n\n\n\n<p>Reine est quant \u00e0 lui un tr\u00e8s joli village nich\u00e9 au pied de ces montagnes. Tr\u00e8s touristique mais tr\u00e8s mignon avec ses rorbuers rouges.<br><\/p>\n\n\n\n<figure class=\"wp-block-image is-resized\"><img decoding=\"async\" loading=\"lazy\" src=\"http:\/\/www.carnets-dailleurs.com\/wp-content\/uploads\/2018\/12\/Rorbuers-Reine_Lofoten.jpg\" alt=\"\" class=\"wp-image-1345\" width=\"584\" height=\"320\" srcset=\"https:\/\/www.carnets-dailleurs.com\/wp-content\/uploads\/2018\/12\/Rorbuers-Reine_Lofoten.jpg 500w, https:\/\/www.carnets-dailleurs.com\/wp-content\/uploads\/2018\/12\/Rorbuers-Reine_Lofoten-300x164.jpg 300w, https:\/\/www.carnets-dailleurs.com\/wp-content\/uploads\/2018\/12\/Rorbuers-Reine_Lofoten-150x82.jpg 150w\" sizes=\"(max-width: 584px) 100vw, 584px\" \/><\/figure>\n\n\n\n<p>Nous d\u00e9barquons et visons la station service pour faire quelques courses. C\u2019est aussi certainement l\u00e0 que nous trouverons l\u2019arr\u00eat de bus. Le village est vraiment tr\u00e8s tr\u00e8s touristique. Gros changement par rapport \u00e0 ces derniers jours. \u00c7a grouille de partout, c\u2019est blind\u00e9 de fran\u00e7ais.<br>J\u2019ach\u00e8te quelques trucs pour les repas \u00e0 venir. Edwige ressort avec une \u00e9norme glace \u00e0 la fraise, d\u2019un rose \u00e9carlate. Cette glace est monstrueuse et nous fait bien rire. Elle a aussi crois\u00e9 l\u2019une des marcheuses du groupe de norv\u00e9giens. Elle boitait un peu hier et a fait du stop pour venir jusqu\u2019ici. Et le reste de la troupe ? Ils ont rat\u00e9 le bateau \u00e0 Kirkefjorden et ont donc appel\u00e9 un bateau-taxi\u2026C\u2019te loose\u2026<br><\/p>\n\n\n\n<p>Nous allons nous asseoir \u00e0 une table et attendons le bus pour Moskenes. On a une bonne demi-heure devant nous. Nous profitons des rayons de soleil qui arrivent \u00e0 percer les nuages.<br>Le bus arrive et 5 minutes plus tard nous sommes \u00e0 Moskenes. Edwige manque d\u2019oublier son portable dans le bus. Ah, l\u2019oubli dans le bus, un classique !<br><\/p>\n\n\n\n<p>Le bus nous d\u00e9pose pr\u00e8s de l\u2019embarcad\u00e8re o\u00f9 pas mal de voitures attendent pour prendre le bateau. Un sacr\u00e9 paquet de voitures ! Nous, on se dirige vers le camping. Nous trouvons une place suffisamment grande pour planter nos trois tentes. Puis douche et op\u00e9ration lavabo pour moi : je vais essayer de d\u00e9crotter mon pantalon qui est couvert de boue. Il faudra plusieurs savonnages et rin\u00e7ages pour arriver \u00e0 un r\u00e9sultat acceptable.<\/p>\n\n\n\n<p>Ce soir, nous nous poserons en terrasse pour prendre un verre et discuter tous les trois. Premi\u00e8re soir\u00e9e autour d\u2019une table depuis un petit moment ! Le temps passe, il commence \u00e0 faire froid. Nous regagnons nos tentes et pr\u00e9parons \u00e0 manger.<br>J\u2019\u00e9cris ensuite un moment sous la tente. Demain, nous avons pr\u00e9vu d\u2019aller marcher autour du lac \u00e0 \u00c5. \u00c7a &nbsp; aurait d\u00fb \u00eatre notre \u00e9tape suivante en arrivant de Munkebu. Le bus n\u2019est qu\u2019\u00e0 12h. Nous gagnons une grasse matin\u00e9e.<\/p>\n\n\n\n<h2 class=\"wp-block-heading\">Photos de la journ\u00e9e<\/h2>\n\n\n\n\n","protected":false},"excerpt":{"rendered":"<p>Huiti\u00e8me \u00e9tape de la travers\u00e9e (10 km) Ascension : 680 m \/ Descente : 694 m Lever aux aurores. L\u2019\u00e9tape n\u2019est pas longue mais nous avons encore un petit d\u00e9nivel\u00e9 \u00e0 passer et surtout, nous devons arriver \u00e0 temps pour prendre le bateau de 15h20 \u00e0 Kirkfjorden. Si nous le&#8230;<\/p>\n<p> <a class=\"continue-reading-link\" href=\"https:\/\/www.carnets-dailleurs.com\/index.php\/2018\/12\/29\/23-juillet-2015-de-selfjord-a-kirkefjorden\/\"><span>Lire la suite<\/span><i class=\"crycon-right-dir\"><\/i><\/a> <\/p>\n","protected":false},"author":1,"featured_media":0,"comment_status":"closed","ping_status":"closed","sticky":false,"template":"","format":"standard","meta":{"_mi_skip_tracking":false},"categories":[21],"tags":[],"_links":{"self":[{"href":"https:\/\/www.carnets-dailleurs.com\/index.php\/wp-json\/wp\/v2\/posts\/1325"}],"collection":[{"href":"https:\/\/www.carnets-dailleurs.com\/index.php\/wp-json\/wp\/v2\/posts"}],"about":[{"href":"https:\/\/www.carnets-dailleurs.com\/index.php\/wp-json\/wp\/v2\/types\/post"}],"author":[{"embeddable":true,"href":"https:\/\/www.carnets-dailleurs.com\/index.php\/wp-json\/wp\/v2\/users\/1"}],"replies":[{"embeddable":true,"href":"https:\/\/www.carnets-dailleurs.com\/index.php\/wp-json\/wp\/v2\/comments?post=1325"}],"version-history":[{"count":3,"href":"https:\/\/www.carnets-dailleurs.com\/index.php\/wp-json\/wp\/v2\/posts\/1325\/revisions"}],"predecessor-version":[{"id":6182,"href":"https:\/\/www.carnets-dailleurs.com\/index.php\/wp-json\/wp\/v2\/posts\/1325\/revisions\/6182"}],"wp:attachment":[{"href":"https:\/\/www.carnets-dailleurs.com\/index.php\/wp-json\/wp\/v2\/media?parent=1325"}],"wp:term":[{"taxonomy":"category","embeddable":true,"href":"https:\/\/www.carnets-dailleurs.com\/index.php\/wp-json\/wp\/v2\/categories?post=1325"},{"taxonomy":"post_tag","embeddable":true,"href":"https:\/\/www.carnets-dailleurs.com\/index.php\/wp-json\/wp\/v2\/tags?post=1325"}],"curies":[{"name":"wp","href":"https:\/\/api.w.org\/{rel}","templated":true}]}}