{"id":1403,"date":"2018-12-29T20:43:48","date_gmt":"2018-12-29T19:43:48","guid":{"rendered":"http:\/\/www.carnets-dailleurs.com\/?p=1403"},"modified":"2022-05-31T22:49:41","modified_gmt":"2022-05-31T20:49:41","slug":"25-juillet-2015-day-off-a-reine","status":"publish","type":"post","link":"https:\/\/www.carnets-dailleurs.com\/index.php\/2018\/12\/29\/25-juillet-2015-day-off-a-reine\/","title":{"rendered":"25 juillet 2015 &#8211; Day off \u00e0 Reine"},"content":{"rendered":"\n<p>La pluie. Voici ce qui me r\u00e9veille au petit matin. Voil\u00e0 aussi ce qui met \u00e0 mal nos plans pour la journ\u00e9e\u2026 Munkebu sous la pluie perd tout son int\u00e9r\u00eat\u2026<br>La pluie cesse un instant, j\u2019ose esp\u00e9rer que \u00e7a va durer\u2026 H\u00e9las, \u00e7a recommence quasiment aussit\u00f4t.<br>A ce moment, je me souviens que j\u2019ai laiss\u00e9 ma serviette de toilette s\u00e9cher dehors\u2026 Et zut ! Je la rentre mais forc\u00e9ment, elle est tremp\u00e9e.<\/p>\n\n\n\n<p>Retour sous le duvet, le r\u00e9veil sonne peu apr\u00e8s. Il est 8h, il pleut toujours des cordes. Je me connecte au wifi du camping pour checker la m\u00e9t\u00e9o. La pluie devrait cesser \u00e0 9h et on devrait m\u00eame avoir quelques \u00e9claircies en d\u00e9but d\u2019apr\u00e8s-midi. Mais quand on voit les nuages agglutin\u00e9s en haut des montagnes, je doute qu\u2019on puisse voir quelque chose au sommet. Nous d\u00e9cidons donc d\u2019annuler Munkebu et l\u2019ascension du Munken aujourd\u2019hui. D\u2019apr\u00e8s la m\u00e9t\u00e9o, le soleil devrait revenir demain\u2026 Ce n\u2019est que partie remise. Enfin, esp\u00e9rons\u2026<br><\/p>\n\n\n\n<p>A la place, nous d\u00e9cidons de louer des v\u00e9los pour aller \u00e0 Reine et Hamn\u00f8y dans l\u2019apr\u00e8s-midi. Ce matin, Nous restons au camping.<br>Edwige reste lire dans sa tente, moi je pr\u00e9f\u00e8re aller vadrouiller.<br>Je vais faire un tour sur l\u2019embarcad\u00e8re o\u00f9 le ferry pour Bod\u00f8 est amarr\u00e9 et embarque tout le monde.<br><\/p>\n\n\n\n<figure class=\"wp-block-image is-resized\"><img decoding=\"async\" loading=\"lazy\" src=\"http:\/\/www.carnets-dailleurs.com\/wp-content\/uploads\/2018\/12\/Hamnoy_Lofoten.jpg\" alt=\"\" class=\"wp-image-1404\" width=\"581\" height=\"317\" srcset=\"https:\/\/www.carnets-dailleurs.com\/wp-content\/uploads\/2018\/12\/Hamnoy_Lofoten.jpg 500w, https:\/\/www.carnets-dailleurs.com\/wp-content\/uploads\/2018\/12\/Hamnoy_Lofoten-300x164.jpg 300w, https:\/\/www.carnets-dailleurs.com\/wp-content\/uploads\/2018\/12\/Hamnoy_Lofoten-150x82.jpg 150w\" sizes=\"(max-width: 581px) 100vw, 581px\" \/><\/figure>\n\n\n\n<p>Je pensais marcher un peu le long de la c\u00f4te mais j\u2019arrive vite sur la E10, toujours aussi passag\u00e8re. Je renonce et reviens me poser au camping, \u00e0 la terrasse de la r\u00e9ception. J\u2019en profite pour recharger mon t\u00e9l\u00e9phone et pour prendre un caf\u00e9. Beaucoup de gens sont l\u00e0 aussi, attendant comme nous que la pluie cesse et que le ciel se d\u00e9gage un peu. Parmi eux, une fran\u00e7aise avec qui je discute un moment. Avec son mari, ils ont aussi travers\u00e9 les Lofoten mais en v\u00e9lo. Elle confirme que se d\u00e9placer sur la E10 n\u2019est pas top m\u00eame en v\u00e9lo et qu\u2019ils se sont faits peur plus d\u2019une fois. Elle confirme aussi que c\u2019est difficile de marcher aux Lofoten\u2026 dixit une savoyarde qui a l\u2019habitude de marcher et de grimper, \u00e7a me rassure un peu\u2026<br>Elle me demande combien p\u00e8se mon sac. Je ne l\u2019ai pas pes\u00e9 mais je dirais 16 ou 17kg. C\u2019est beaucoup me dit-elle. \u00c7a, je ne vais pas dire le contraire\u2026<br>Nous parlons voyages. Islande. Elle a travers\u00e9 l\u2019\u00eele en v\u00e9lo et n\u2019aurait pas aim\u00e9 le faire \u00e0 pied\u2026 Nous, on a march\u00e9 dans ce coin en partie\u2026 Kirghizistan. Une destination qui m\u2019attire. Ils y ont march\u00e9 9 jours, elle me donne quelques informations. A creuser\u2026<\/p>\n\n\n\n<p>11h30, retour \u00e0 la tente. Nous pr\u00e9parons notre sac pour la journ\u00e9e et partons. Direction S\u00f8rv\u00e5gen o\u00f9 nous devrions pouvoir louer des v\u00e9los d\u2019apr\u00e8s ma carte. Nous d\u00e9cidons d\u2019y aller \u00e0 pied en longeant la c\u00f4te sur la E10. Ce n\u2019est pas tr\u00e8s loin et nous restons prudentes.<br>Sur la route, une sc\u00e8ne m\u2019intrigue : mais que fait ce v\u00e9lo accroch\u00e9 \u00e0 un poteau au beau milieu de l\u2019eau ? Farce, \u0153uvre d\u2019art ?<\/p>\n\n\n\n<figure class=\"wp-block-image is-resized\"><img decoding=\"async\" loading=\"lazy\" src=\"http:\/\/www.carnets-dailleurs.com\/wp-content\/uploads\/2018\/12\/Sorvagen_Lofoten.jpg\" alt=\"\" class=\"wp-image-1405\" width=\"585\" height=\"317\" srcset=\"https:\/\/www.carnets-dailleurs.com\/wp-content\/uploads\/2018\/12\/Sorvagen_Lofoten.jpg 500w, https:\/\/www.carnets-dailleurs.com\/wp-content\/uploads\/2018\/12\/Sorvagen_Lofoten-300x163.jpg 300w, https:\/\/www.carnets-dailleurs.com\/wp-content\/uploads\/2018\/12\/Sorvagen_Lofoten-150x81.jpg 150w\" sizes=\"(max-width: 585px) 100vw, 585px\" \/><\/figure>\n\n\n\n<p>Nous arrivons \u00e0 S\u00f8rv\u00e5gen. Reste \u00e0 trouver l\u2019endroit o\u00f9 nous pouvons louer des v\u00e9los. Edwige rentre dans la sup\u00e9rette pour demander \u00e0 un vendeur. Elle ressort : pas de location de v\u00e9lo \u00e0 S\u00f8rv\u00e5gen. Ok\u2026 encore une erreur sur la carte\u2026 Ceci dit, ce n\u2019est pas une surprise car la fran\u00e7aise avec qui j\u2019ai discut\u00e9 ce matin doutait qu\u2019on puisse louer des v\u00e9los ici\u2026<br>A d\u00e9faut de v\u00e9lo, il ne nous reste plus qu\u2019\u00e0 attendre le bus pour Reine. Nous d\u00e9cidons d\u2019aller l\u2019attendre \u00e0 Moskenes, \u00e0 cote de l\u2019embarcad\u00e8re. Sur le chemin, nous croisons l\u2019un des marcheurs du groupe de norv\u00e9giens. Ils sont redescendus de Munkebu et il a l\u2019air enchant\u00e9 ! L\u2019endroit a l\u2019air g\u00e9nial.<br>Le bus arrive. Nous montons et apercevons au fond deux autres mecs du groupe de marcheurs. Mais qu\u2019est-ce qu\u2019ils font dans le bus qui arrive de \u00c5 alors que leur pote \u00e9tait plus loin au nord, \u00e0 S\u00f8rv\u00e5gen ? Et o\u00f9 est le reste de la troupe ? Le fonctionnement de ce groupe nous \u00e9chappe vraiment\u2026 !<br><\/p>\n\n\n\n<p>Arriv\u00e9es \u00e0 Reine, nous commen\u00e7ons \u00e0 marcher le long de la c\u00f4te en direction de Hamn\u00f8y. Le long de la E10 \u00e0 nouveau mais cette fois, nous ne sommes pas les seuls marcheurs. Un v\u00e9lo arrive en face de nous, il roule \u00e0 gauche\u2026 \u00ab C\u2019est un parti pris de rouler en sens inverse \u00bb, dit Edwige \u00e0 son passage. Lui a l\u2019air plut\u00f4t tranquille\u2026<\/p>\n\n\n\n<p>Tout le long du chemin, nous profitons des paysages et de la vue sur Reine. Ambiance carte postale d\u2019abord\u2026<br><br><\/p>\n\n\n\n<figure class=\"wp-block-image is-resized\"><img decoding=\"async\" loading=\"lazy\" src=\"http:\/\/www.carnets-dailleurs.com\/wp-content\/uploads\/2018\/12\/Reine_Lofoten.jpg\" alt=\"\" class=\"wp-image-1406\" width=\"585\" height=\"329\" srcset=\"https:\/\/www.carnets-dailleurs.com\/wp-content\/uploads\/2018\/12\/Reine_Lofoten.jpg 500w, https:\/\/www.carnets-dailleurs.com\/wp-content\/uploads\/2018\/12\/Reine_Lofoten-300x169.jpg 300w, https:\/\/www.carnets-dailleurs.com\/wp-content\/uploads\/2018\/12\/Reine_Lofoten-150x84.jpg 150w\" sizes=\"(max-width: 585px) 100vw, 585px\" \/><\/figure>\n\n\n\n<p>\u2026 puis ses quartiers moins touristiques. <\/p>\n\n\n\n<figure class=\"wp-block-image is-resized\"><img decoding=\"async\" loading=\"lazy\" src=\"http:\/\/www.carnets-dailleurs.com\/wp-content\/uploads\/2018\/12\/Reine_Lofoten-2.jpg\" alt=\"\" class=\"wp-image-1407\" width=\"585\" height=\"329\" srcset=\"https:\/\/www.carnets-dailleurs.com\/wp-content\/uploads\/2018\/12\/Reine_Lofoten-2.jpg 500w, https:\/\/www.carnets-dailleurs.com\/wp-content\/uploads\/2018\/12\/Reine_Lofoten-2-300x169.jpg 300w, https:\/\/www.carnets-dailleurs.com\/wp-content\/uploads\/2018\/12\/Reine_Lofoten-2-150x84.jpg 150w\" sizes=\"(max-width: 585px) 100vw, 585px\" \/><\/figure>\n\n\n\n<p>Au d\u00e9tours d\u2019un virage, une galerie qui ressemble \u00e0 un m\u00e9morial pour marins\u2026 <\/p>\n\n\n\n<figure class=\"wp-block-image is-resized\"><img decoding=\"async\" loading=\"lazy\" src=\"http:\/\/www.carnets-dailleurs.com\/wp-content\/uploads\/2018\/12\/Memorial-marins_Lofoten.jpg\" alt=\"\" class=\"wp-image-1408\" width=\"585\" height=\"314\" srcset=\"https:\/\/www.carnets-dailleurs.com\/wp-content\/uploads\/2018\/12\/Memorial-marins_Lofoten.jpg 500w, https:\/\/www.carnets-dailleurs.com\/wp-content\/uploads\/2018\/12\/Memorial-marins_Lofoten-300x161.jpg 300w, https:\/\/www.carnets-dailleurs.com\/wp-content\/uploads\/2018\/12\/Memorial-marins_Lofoten-150x80.jpg 150w\" sizes=\"(max-width: 585px) 100vw, 585px\" \/><\/figure>\n\n\n\n<p>\u2026 les maisons rouges au toit recouvert d\u2019herbe\u2026 <\/p>\n\n\n\n<figure class=\"wp-block-image is-resized\"><img decoding=\"async\" loading=\"lazy\" src=\"http:\/\/www.carnets-dailleurs.com\/wp-content\/uploads\/2018\/12\/Toit-herbe-Reine_Lofoten.jpg\" alt=\"\" class=\"wp-image-1409\" width=\"582\" height=\"327\" srcset=\"https:\/\/www.carnets-dailleurs.com\/wp-content\/uploads\/2018\/12\/Toit-herbe-Reine_Lofoten.jpg 500w, https:\/\/www.carnets-dailleurs.com\/wp-content\/uploads\/2018\/12\/Toit-herbe-Reine_Lofoten-300x169.jpg 300w, https:\/\/www.carnets-dailleurs.com\/wp-content\/uploads\/2018\/12\/Toit-herbe-Reine_Lofoten-150x84.jpg 150w\" sizes=\"(max-width: 582px) 100vw, 582px\" \/><\/figure>\n\n\n\n<p>Le soleil fait son apparition comme le pr\u00e9voyait la m\u00e9t\u00e9o. La balade est vraiment agr\u00e9able et tranquille.<\/p>\n\n\n\n<p>Nous arrivons au niveau d\u2019un pont assez \u00e9troit. Il n\u2019y a pas de trottoir pour les pi\u00e9tons. On h\u00e9site\u2026 On se regarde\u2026 Pfff\u2026 Apr\u00e8s ce pont, il faut marcher encore un peu pour arriver \u00e0 Hamn\u00f8y puis il faudra revenir \u00e0 temps pour le bus de 17h. Certes, il y a une r\u00e9serve d\u2019oiseaux au bout mais bon\u2026 A part des go\u00e9lands, nous n\u2019avons pas vu \u00e9norm\u00e9ment d\u2019oiseaux depuis que nous sommes arriv\u00e9es aux Lofoten. Ce n\u2019est pas la grosse motivation\u2026 Allez, hop ! Nous faisons demi-tour et repartons en sens inverse. C\u2019est un peu la journ\u00e9e de la loose quand m\u00eame\u2026 Mais au moins, \u00e0 Reine, on peut se poser pour prendre un caf\u00e9 en terrasse.<br><\/p>\n\n\n\n<p>Le temps file, nous allons nous poser sur les tables pr\u00e8s de l\u2019arr\u00eat de bus, en face de la sup\u00e9rette. Aujourd\u2019hui, il n\u2019y a pas foule \u00e0 Reine. \u00c7a change de la premi\u00e8re fois o\u00f9 nous sommes venues ici.<\/p>\n\n\n\n<figure class=\"wp-block-image is-resized\"><img decoding=\"async\" loading=\"lazy\" src=\"http:\/\/www.carnets-dailleurs.com\/wp-content\/uploads\/2018\/12\/Epicerie-Reine_Lofoten.jpg\" alt=\"\" class=\"wp-image-1410\" width=\"584\" height=\"322\" srcset=\"https:\/\/www.carnets-dailleurs.com\/wp-content\/uploads\/2018\/12\/Epicerie-Reine_Lofoten.jpg 500w, https:\/\/www.carnets-dailleurs.com\/wp-content\/uploads\/2018\/12\/Epicerie-Reine_Lofoten-300x166.jpg 300w, https:\/\/www.carnets-dailleurs.com\/wp-content\/uploads\/2018\/12\/Epicerie-Reine_Lofoten-150x83.jpg 150w\" sizes=\"(max-width: 584px) 100vw, 584px\" \/><\/figure>\n\n\n\n<p>Bus et retour au camping. Voil\u00e0, cette journ\u00e9e un peu loose se termine. Histoire de ne pas de finir sur une note positive, nous d\u00e9cidons d\u2019aller manger tous ensemble ce soir, au restaurant du camping. Andr\u00e9, qui repart demain, se joint \u00e0 nous.<\/p>\n\n\n\n<p>Dehors, c\u2019est \u00e0 nouveau le d\u00e9luge. Le soleil est annonc\u00e9 pour demain mais pour le moment, c\u2019est difficile d\u2019y croire\u2026 Nous regagnons nos tentes au pas de course. Et je croise les doigts pour que les nuages d\u00e9versent toute leur eau cette nuit\u2026 et ne nous emp\u00eachent pas de faire l\u2019ascension du Munken demain.<\/p>\n\n\n\n<h2 class=\"wp-block-heading\">Photos de la journ\u00e9e<\/h2>\n\n\n\n\n","protected":false},"excerpt":{"rendered":"<p>La pluie. Voici ce qui me r\u00e9veille au petit matin. Voil\u00e0 aussi ce qui met \u00e0 mal nos plans pour la journ\u00e9e\u2026 Munkebu sous la pluie perd tout son int\u00e9r\u00eat\u2026La pluie cesse un instant, j\u2019ose esp\u00e9rer que \u00e7a va durer\u2026 H\u00e9las, \u00e7a recommence quasiment aussit\u00f4t.A ce moment, je me souviens&#8230;<\/p>\n<p> <a class=\"continue-reading-link\" href=\"https:\/\/www.carnets-dailleurs.com\/index.php\/2018\/12\/29\/25-juillet-2015-day-off-a-reine\/\"><span>Lire la suite<\/span><i class=\"crycon-right-dir\"><\/i><\/a> <\/p>\n","protected":false},"author":1,"featured_media":0,"comment_status":"closed","ping_status":"closed","sticky":false,"template":"","format":"standard","meta":{"_mi_skip_tracking":false},"categories":[21],"tags":[],"_links":{"self":[{"href":"https:\/\/www.carnets-dailleurs.com\/index.php\/wp-json\/wp\/v2\/posts\/1403"}],"collection":[{"href":"https:\/\/www.carnets-dailleurs.com\/index.php\/wp-json\/wp\/v2\/posts"}],"about":[{"href":"https:\/\/www.carnets-dailleurs.com\/index.php\/wp-json\/wp\/v2\/types\/post"}],"author":[{"embeddable":true,"href":"https:\/\/www.carnets-dailleurs.com\/index.php\/wp-json\/wp\/v2\/users\/1"}],"replies":[{"embeddable":true,"href":"https:\/\/www.carnets-dailleurs.com\/index.php\/wp-json\/wp\/v2\/comments?post=1403"}],"version-history":[{"count":2,"href":"https:\/\/www.carnets-dailleurs.com\/index.php\/wp-json\/wp\/v2\/posts\/1403\/revisions"}],"predecessor-version":[{"id":1421,"href":"https:\/\/www.carnets-dailleurs.com\/index.php\/wp-json\/wp\/v2\/posts\/1403\/revisions\/1421"}],"wp:attachment":[{"href":"https:\/\/www.carnets-dailleurs.com\/index.php\/wp-json\/wp\/v2\/media?parent=1403"}],"wp:term":[{"taxonomy":"category","embeddable":true,"href":"https:\/\/www.carnets-dailleurs.com\/index.php\/wp-json\/wp\/v2\/categories?post=1403"},{"taxonomy":"post_tag","embeddable":true,"href":"https:\/\/www.carnets-dailleurs.com\/index.php\/wp-json\/wp\/v2\/tags?post=1403"}],"curies":[{"name":"wp","href":"https:\/\/api.w.org\/{rel}","templated":true}]}}