{"id":1423,"date":"2018-12-29T21:01:24","date_gmt":"2018-12-29T20:01:24","guid":{"rendered":"http:\/\/www.carnets-dailleurs.com\/?p=1423"},"modified":"2021-05-17T14:34:14","modified_gmt":"2021-05-17T12:34:14","slug":"26-juillet-2015-ascension-du-munken","status":"publish","type":"post","link":"https:\/\/www.carnets-dailleurs.com\/index.php\/2018\/12\/29\/26-juillet-2015-ascension-du-munken\/","title":{"rendered":"26 juillet 2015 &#8211; Ascension du Munken"},"content":{"rendered":"\n<p>Dixi\u00e8me \u00e9tape de la travers\u00e9e (20 km) <\/p>\n\n\n\n<figure class=\"wp-block-gallery columns-2 is-cropped wp-block-gallery-1 is-layout-flex\"><ul class=\"blocks-gallery-grid\"><li class=\"blocks-gallery-item\"><figure><img decoding=\"async\" loading=\"lazy\" width=\"500\" height=\"310\" src=\"http:\/\/www.carnets-dailleurs.com\/wp-content\/uploads\/2018\/12\/Carte-Etape-10_Lofoten-1.jpg\" alt=\"\" data-id=\"1424\" data-link=\"http:\/\/www.carnets-dailleurs.com\/?attachment_id=1424\" class=\"wp-image-1424\" srcset=\"https:\/\/www.carnets-dailleurs.com\/wp-content\/uploads\/2018\/12\/Carte-Etape-10_Lofoten-1.jpg 500w, https:\/\/www.carnets-dailleurs.com\/wp-content\/uploads\/2018\/12\/Carte-Etape-10_Lofoten-1-300x186.jpg 300w, https:\/\/www.carnets-dailleurs.com\/wp-content\/uploads\/2018\/12\/Carte-Etape-10_Lofoten-1-150x93.jpg 150w\" sizes=\"(max-width: 500px) 100vw, 500px\" \/><\/figure><\/li><li class=\"blocks-gallery-item\"><figure><img decoding=\"async\" loading=\"lazy\" width=\"500\" height=\"644\" src=\"http:\/\/www.carnets-dailleurs.com\/wp-content\/uploads\/2018\/12\/Carte-Etape-10_Lofoten-2.jpg\" alt=\"\" data-id=\"1425\" data-link=\"http:\/\/www.carnets-dailleurs.com\/?attachment_id=1425\" class=\"wp-image-1425\" srcset=\"https:\/\/www.carnets-dailleurs.com\/wp-content\/uploads\/2018\/12\/Carte-Etape-10_Lofoten-2.jpg 500w, https:\/\/www.carnets-dailleurs.com\/wp-content\/uploads\/2018\/12\/Carte-Etape-10_Lofoten-2-233x300.jpg 233w, https:\/\/www.carnets-dailleurs.com\/wp-content\/uploads\/2018\/12\/Carte-Etape-10_Lofoten-2-116x150.jpg 116w\" sizes=\"(max-width: 500px) 100vw, 500px\" \/><\/figure><\/li><\/ul><\/figure>\n\n\n\n<p>Ascension : 1208 m \/ Descente : 1209 m <\/p>\n\n\n\n<figure class=\"wp-block-image is-resized\"><img decoding=\"async\" loading=\"lazy\" src=\"http:\/\/www.carnets-dailleurs.com\/wp-content\/uploads\/2018\/12\/Denivele-Etape-10_Lofoten.jpg\" alt=\"\" class=\"wp-image-1426\" width=\"579\" height=\"134\" srcset=\"https:\/\/www.carnets-dailleurs.com\/wp-content\/uploads\/2018\/12\/Denivele-Etape-10_Lofoten.jpg 500w, https:\/\/www.carnets-dailleurs.com\/wp-content\/uploads\/2018\/12\/Denivele-Etape-10_Lofoten-300x70.jpg 300w, https:\/\/www.carnets-dailleurs.com\/wp-content\/uploads\/2018\/12\/Denivele-Etape-10_Lofoten-150x35.jpg 150w\" sizes=\"(max-width: 579px) 100vw, 579px\" \/><\/figure>\n\n\n\n<p>Cette fois, c\u2019est la bonne : au r\u00e9veil, le soleil pointe le bout de son nez. Nous allons pouvoir faire l\u2019ascension du Munken. Pourtant, il a plus des cordes une bonne partie de la nuit\u2026 C\u2019\u00e9tait pas gagn\u00e9 !<br>Cette \u00e9tape est aussi la derni\u00e8re dans la liste de notre travers\u00e9e, celle qu\u2019il nous restait encore \u00e0 faire pour boucler ce p\u00e9riple.<\/p>\n\n\n\n<p>Nous partons \u00e0 pied jusque S\u00f8rv\u00e5gen, en marchant le long de la E10. Arriv\u00e9es dans le village, nous bifurquons un peu plus loin pour monter en direction des montagnes. Nous longeons d\u2019abord un lac, autour duquel est am\u00e9nag\u00e9e une piste de ski de fond l\u2019hiver, avec \u00e9clairage.<\/p>\n\n\n\n<p>La mont\u00e9e commence juste apr\u00e8s. Nous passons d\u2019abord \u00e0 proximit\u00e9 d\u2019une cascade puis de plusieurs lacs. Les paysages sont superbes et nous ne tardons pas \u00e0 profiter d\u2019une belle vue sur S\u00f8rv\u00e5gen et la sur la mer.<\/p>\n\n\n\n<figure class=\"wp-block-image is-resized\"><img decoding=\"async\" loading=\"lazy\" src=\"http:\/\/www.carnets-dailleurs.com\/wp-content\/uploads\/2018\/12\/Sorvagen_Lofoten-1.jpg\" alt=\"\" class=\"wp-image-1427\" width=\"582\" height=\"327\" srcset=\"https:\/\/www.carnets-dailleurs.com\/wp-content\/uploads\/2018\/12\/Sorvagen_Lofoten-1.jpg 500w, https:\/\/www.carnets-dailleurs.com\/wp-content\/uploads\/2018\/12\/Sorvagen_Lofoten-1-300x169.jpg 300w, https:\/\/www.carnets-dailleurs.com\/wp-content\/uploads\/2018\/12\/Sorvagen_Lofoten-1-150x84.jpg 150w\" sizes=\"(max-width: 582px) 100vw, 582px\" \/><\/figure>\n\n\n\n<p>Le ciel, un peu nuageux ce matin, se d\u00e9gage de plus en plus pour laisser placer \u00e0 un beau ciel bleu et \u00e0 un soleil \u00e9clatant.<\/p>\n\n\n\n<div class=\"wp-block-media-text alignwide\"><figure class=\"wp-block-media-text__media\"><img decoding=\"async\" loading=\"lazy\" width=\"540\" height=\"960\" src=\"http:\/\/www.carnets-dailleurs.com\/wp-content\/uploads\/2018\/12\/Chemin-DNT_Lofoten.jpg\" alt=\"\" class=\"wp-image-1428\" srcset=\"https:\/\/www.carnets-dailleurs.com\/wp-content\/uploads\/2018\/12\/Chemin-DNT_Lofoten.jpg 540w, https:\/\/www.carnets-dailleurs.com\/wp-content\/uploads\/2018\/12\/Chemin-DNT_Lofoten-169x300.jpg 169w, https:\/\/www.carnets-dailleurs.com\/wp-content\/uploads\/2018\/12\/Chemin-DNT_Lofoten-84x150.jpg 84w\" sizes=\"(max-width: 540px) 100vw, 540px\" \/><\/figure><div class=\"wp-block-media-text__content\">\n<p>Le chemin, entretenu par DNT, &nbsp;est parfaitement marqu\u00e9. C\u2019est un itin\u00e9raire souvent emprunt\u00e9, la promenade pouvant se faire \u00e0 la journ\u00e9e sans aucun probl\u00e8me. Nous croiserons d\u2019ailleurs pas mal de gens tout au long de la journ\u00e9e. <\/p>\n<\/div><\/div>\n\n\n\n<p>Au d\u00e9but, le chemin \u00e9tait plut\u00f4t sableux mais il devient tr\u00e8s vite boueux. Avec ce qui est tomb\u00e9 hier et cette nuit, ce n\u2019est pas \u00e9tonnant\u2026 Un court passage dans une for\u00eat et nous voici face \u00e0 des dalles. Mouill\u00e9es, glissantes mais des cordes nous aident bien dans la mont\u00e9e. Nous d\u00e9passons un groupe de fran\u00e7ais, une bonne quinzaine de personnes. On est rod\u00e9es au terrain depuis 10 jours, on avance nettement plus vite !<br><\/p>\n\n\n\n<p>Nous continuons l\u2019ascension, nous sommes \u00e0 400m. Au fond \u00e0 droite, la mer. En bas, un lac coinc\u00e9 entre deux chaines de montagnes, dont le Munken qui a encore la t\u00eate dans les nuages.<\/p>\n\n\n\n<figure class=\"wp-block-image is-resized\"><img decoding=\"async\" loading=\"lazy\" src=\"http:\/\/www.carnets-dailleurs.com\/wp-content\/uploads\/2018\/12\/Fjord-Munken_Lofoten.jpg\" alt=\"\" class=\"wp-image-1429\" width=\"585\" height=\"329\" srcset=\"https:\/\/www.carnets-dailleurs.com\/wp-content\/uploads\/2018\/12\/Fjord-Munken_Lofoten.jpg 500w, https:\/\/www.carnets-dailleurs.com\/wp-content\/uploads\/2018\/12\/Fjord-Munken_Lofoten-300x169.jpg 300w, https:\/\/www.carnets-dailleurs.com\/wp-content\/uploads\/2018\/12\/Fjord-Munken_Lofoten-150x84.jpg 150w\" sizes=\"(max-width: 585px) 100vw, 585px\" \/><\/figure>\n\n\n\n<p>Nous croisons les doigts pour que cela se d\u00e9gage d\u2019ici qu\u2019on arrive en haut\u2026<br>Au loin, au-del\u00e0 de la mer, on aper\u00e7oit les montagnes de Norv\u00e8ge, celles du continent.&nbsp;<br><\/p>\n\n\n\n<p>Encore 100m et nous apercevons le refuge de Munkebu, pos\u00e9 sur les rochers, nich\u00e9 pr\u00e8s d\u2019un lac.<br><br><\/p>\n\n\n\n<figure class=\"wp-block-image is-resized\"><img decoding=\"async\" loading=\"lazy\" src=\"http:\/\/www.carnets-dailleurs.com\/wp-content\/uploads\/2018\/12\/Refuge-Munkebu_Lofoten.jpg\" alt=\"\" class=\"wp-image-1430\" width=\"583\" height=\"328\" srcset=\"https:\/\/www.carnets-dailleurs.com\/wp-content\/uploads\/2018\/12\/Refuge-Munkebu_Lofoten.jpg 500w, https:\/\/www.carnets-dailleurs.com\/wp-content\/uploads\/2018\/12\/Refuge-Munkebu_Lofoten-300x169.jpg 300w, https:\/\/www.carnets-dailleurs.com\/wp-content\/uploads\/2018\/12\/Refuge-Munkebu_Lofoten-150x84.jpg 150w\" sizes=\"(max-width: 583px) 100vw, 583px\" \/><\/figure>\n\n\n\n<p>Et en face du refuge, de l\u2019autre cot\u00e9 du grand lac, la butte \u00ab 448 \u00bb, celle sur laquelle nous aurions d\u00fb bivouaquer si nous avions d\u00e9barqu\u00e9 \u00e0 Fordfjorden, au lieu de Reine. <\/p>\n\n\n\n<figure class=\"wp-block-image is-resized\"><img decoding=\"async\" loading=\"lazy\" src=\"http:\/\/www.carnets-dailleurs.com\/wp-content\/uploads\/2018\/12\/Lacs-Munkebu_Lofoten.jpg\" alt=\"\" class=\"wp-image-1431\" width=\"584\" height=\"328\" srcset=\"https:\/\/www.carnets-dailleurs.com\/wp-content\/uploads\/2018\/12\/Lacs-Munkebu_Lofoten.jpg 500w, https:\/\/www.carnets-dailleurs.com\/wp-content\/uploads\/2018\/12\/Lacs-Munkebu_Lofoten-300x169.jpg 300w, https:\/\/www.carnets-dailleurs.com\/wp-content\/uploads\/2018\/12\/Lacs-Munkebu_Lofoten-150x84.jpg 150w\" sizes=\"(max-width: 584px) 100vw, 584px\" \/><\/figure>\n\n\n\n<p>Finalement, je ne trouve pas cela si raide que \u00e7a pour y arriver en haut de la butte, depuis la c\u00f4te\u2026 Et l\u2019ar\u00eate est assez large en fait. C\u2019est plut\u00f4t la descente apr\u00e8s la butte et le chemin pour arriver au refuge de Munkebu que je trouve impressionnant : pentu, avec un petit passage dans la neige. Par contre, camper en haut de la butte, c\u2019est os\u00e9 quand m\u00eame : on est en plein vent ! Il vaut mieux bien choisir son jour !<\/p>\n\n\n\n<p>Le refuge de Munkebu est ouvert. On voit quelques personnes entrer et sortir et une femme s\u2019affairer au m\u00e9nage, on dirait. Pour ce refuge, nous n\u2019avions pas les cl\u00e9s. C\u2019est une cl\u00e9 sp\u00e9ciale qu\u2019il aurait fallu r\u00e9cup\u00e9rer \u00e0 S\u00f8rv\u00e5gen, et non la cl\u00e9 universelle de DNT. C\u2019est aussi en partie pour cela que nous avons fait demi-tour : nous n\u2019\u00e9tions pas s\u00fbres de pouvoir y entrer et camper la t\u00eate dans les nuages ne nous motivait pas trop ce jour-l\u00e0.<\/p>\n\n\n\n<p>Nous allons nous poser au soleil, sur une grande dalle en face du refuge, \u00e0 cot\u00e9 d\u2019une cascade. J\u2019en profite pour boire de grandes gorg\u00e9es d\u2019eau bien fra\u00eeche. Au-dessus de nous, le sommet du Munken est toujours un peu couvert mais il se d\u00e9gage par moment. Nous d\u00e9cidons donc d\u2019y monter. Avec un peu de chance, si on arrive au bon moment, nous aurons une belle vue.<\/p>\n\n\n\n<p>Nous repartons et montons tranquillement la pente. Munkebu s\u2019\u00e9loigne de nous\u2026<\/p>\n\n\n\n<figure class=\"wp-block-image is-resized\"><img decoding=\"async\" loading=\"lazy\" src=\"http:\/\/www.carnets-dailleurs.com\/wp-content\/uploads\/2018\/12\/Lacs-Munken_Lofoten.jpg\" alt=\"\" class=\"wp-image-1432\" width=\"580\" height=\"326\" srcset=\"https:\/\/www.carnets-dailleurs.com\/wp-content\/uploads\/2018\/12\/Lacs-Munken_Lofoten.jpg 500w, https:\/\/www.carnets-dailleurs.com\/wp-content\/uploads\/2018\/12\/Lacs-Munken_Lofoten-300x169.jpg 300w, https:\/\/www.carnets-dailleurs.com\/wp-content\/uploads\/2018\/12\/Lacs-Munken_Lofoten-150x84.jpg 150w\" sizes=\"(max-width: 580px) 100vw, 580px\" \/><\/figure>\n\n\n\n<p>\u2026 et profiter de la vue, toujours\u2026 <\/p>\n\n\n\n<figure class=\"wp-block-image is-resized\"><img decoding=\"async\" loading=\"lazy\" src=\"http:\/\/www.carnets-dailleurs.com\/wp-content\/uploads\/2018\/12\/Profiter-Vue_Lofoten.jpg\" alt=\"\" class=\"wp-image-1433\" width=\"584\" height=\"328\" srcset=\"https:\/\/www.carnets-dailleurs.com\/wp-content\/uploads\/2018\/12\/Profiter-Vue_Lofoten.jpg 500w, https:\/\/www.carnets-dailleurs.com\/wp-content\/uploads\/2018\/12\/Profiter-Vue_Lofoten-300x169.jpg 300w, https:\/\/www.carnets-dailleurs.com\/wp-content\/uploads\/2018\/12\/Profiter-Vue_Lofoten-150x84.jpg 150w\" sizes=\"(max-width: 584px) 100vw, 584px\" \/><\/figure>\n\n\n\n<p>\u2026 quelques traces de neige un peu plus bas\u2026 <\/p>\n\n\n\n<figure class=\"wp-block-image is-resized\"><img decoding=\"async\" loading=\"lazy\" src=\"http:\/\/www.carnets-dailleurs.com\/wp-content\/uploads\/2018\/12\/Munken-Neige_Lofoten.jpg\" alt=\"\" class=\"wp-image-1434\" width=\"584\" height=\"328\" srcset=\"https:\/\/www.carnets-dailleurs.com\/wp-content\/uploads\/2018\/12\/Munken-Neige_Lofoten.jpg 500w, https:\/\/www.carnets-dailleurs.com\/wp-content\/uploads\/2018\/12\/Munken-Neige_Lofoten-300x169.jpg 300w, https:\/\/www.carnets-dailleurs.com\/wp-content\/uploads\/2018\/12\/Munken-Neige_Lofoten-150x84.jpg 150w\" sizes=\"(max-width: 584px) 100vw, 584px\" \/><\/figure>\n\n\n\n<div class=\"wp-block-media-text alignwide\"><figure class=\"wp-block-media-text__media\"><img decoding=\"async\" loading=\"lazy\" width=\"540\" height=\"960\" src=\"http:\/\/www.carnets-dailleurs.com\/wp-content\/uploads\/2018\/12\/Sphere-Munken_Lofoten.jpg\" alt=\"\" class=\"wp-image-1435\" srcset=\"https:\/\/www.carnets-dailleurs.com\/wp-content\/uploads\/2018\/12\/Sphere-Munken_Lofoten.jpg 540w, https:\/\/www.carnets-dailleurs.com\/wp-content\/uploads\/2018\/12\/Sphere-Munken_Lofoten-169x300.jpg 169w, https:\/\/www.carnets-dailleurs.com\/wp-content\/uploads\/2018\/12\/Sphere-Munken_Lofoten-84x150.jpg 84w\" sizes=\"(max-width: 540px) 100vw, 540px\" \/><\/figure><div class=\"wp-block-media-text__content\">\n<p>\u2026 d\u2019\u00e9tranges rencontres en chemin\u2026  <\/p>\n<\/div><\/div>\n\n\n\n<p>\u2026 et nous arrivons au sommet, dans la brume. Deux personnes sont d\u00e9j\u00e0 l\u00e0, d\u2019autres nous suivent. Sur notre gauche, on aper\u00e7oit la base du Hermannsdalstinden, l\u2019une des plus hautes montagnes des Lofoten (1029m). Mais son sommet est dans la brume\u2026<br><\/p>\n\n\n\n<figure class=\"wp-block-image is-resized\"><img decoding=\"async\" loading=\"lazy\" src=\"http:\/\/www.carnets-dailleurs.com\/wp-content\/uploads\/2018\/12\/Montagnes-Munken-Brume_Lofoten.jpg\" alt=\"\" class=\"wp-image-1436\" width=\"586\" height=\"329\" srcset=\"https:\/\/www.carnets-dailleurs.com\/wp-content\/uploads\/2018\/12\/Montagnes-Munken-Brume_Lofoten.jpg 500w, https:\/\/www.carnets-dailleurs.com\/wp-content\/uploads\/2018\/12\/Montagnes-Munken-Brume_Lofoten-300x169.jpg 300w, https:\/\/www.carnets-dailleurs.com\/wp-content\/uploads\/2018\/12\/Montagnes-Munken-Brume_Lofoten-150x84.jpg 150w\" sizes=\"(max-width: 586px) 100vw, 586px\" \/><\/figure>\n\n\n\n<p>Devant nous, on devine la mer. Nous avan\u00e7ons au bout de la montagne, en traversant une grande \u00e9tendue de neige. <\/p>\n\n\n\n<figure class=\"wp-block-image is-resized\"><img decoding=\"async\" loading=\"lazy\" src=\"http:\/\/www.carnets-dailleurs.com\/wp-content\/uploads\/2018\/12\/Neige-Cairns-Munken_Lofoten.jpg\" alt=\"\" class=\"wp-image-1437\" width=\"586\" height=\"329\" srcset=\"https:\/\/www.carnets-dailleurs.com\/wp-content\/uploads\/2018\/12\/Neige-Cairns-Munken_Lofoten.jpg 500w, https:\/\/www.carnets-dailleurs.com\/wp-content\/uploads\/2018\/12\/Neige-Cairns-Munken_Lofoten-300x169.jpg 300w, https:\/\/www.carnets-dailleurs.com\/wp-content\/uploads\/2018\/12\/Neige-Cairns-Munken_Lofoten-150x84.jpg 150w\" sizes=\"(max-width: 586px) 100vw, 586px\" \/><\/figure>\n\n\n\n<p>L\u00e0, nous attendons le moment propice pour que la vue se d\u00e9gage et pour que nous puissions admirer les paysages. Nous sommes \u00e0 l\u2019affut. Chacun sa m\u00e9thode. Edwige se cale dans les rochers, histoire de se mettre un peu \u00e0 l\u2019abri du vent. <\/p>\n\n\n\n<figure class=\"wp-block-image is-resized\"><img decoding=\"async\" loading=\"lazy\" src=\"http:\/\/www.carnets-dailleurs.com\/wp-content\/uploads\/2018\/12\/Edwige-abri-vent_Lofoten.jpg\" alt=\"\" class=\"wp-image-1438\" width=\"589\" height=\"331\" srcset=\"https:\/\/www.carnets-dailleurs.com\/wp-content\/uploads\/2018\/12\/Edwige-abri-vent_Lofoten.jpg 500w, https:\/\/www.carnets-dailleurs.com\/wp-content\/uploads\/2018\/12\/Edwige-abri-vent_Lofoten-300x169.jpg 300w, https:\/\/www.carnets-dailleurs.com\/wp-content\/uploads\/2018\/12\/Edwige-abri-vent_Lofoten-150x84.jpg 150w\" sizes=\"(max-width: 589px) 100vw, 589px\" \/><\/figure>\n\n\n\n<p>Lorsque la brume se dissipe, on aper\u00e7oit la mer, les fjords et les montagnes tout autour. <\/p>\n\n\n\n<figure class=\"wp-block-image is-resized\"><img decoding=\"async\" loading=\"lazy\" src=\"http:\/\/www.carnets-dailleurs.com\/wp-content\/uploads\/2018\/12\/Montagnes-Munken-Brume_Lofoten-2.jpg\" alt=\"\" class=\"wp-image-1439\" width=\"587\" height=\"330\" srcset=\"https:\/\/www.carnets-dailleurs.com\/wp-content\/uploads\/2018\/12\/Montagnes-Munken-Brume_Lofoten-2.jpg 500w, https:\/\/www.carnets-dailleurs.com\/wp-content\/uploads\/2018\/12\/Montagnes-Munken-Brume_Lofoten-2-300x169.jpg 300w, https:\/\/www.carnets-dailleurs.com\/wp-content\/uploads\/2018\/12\/Montagnes-Munken-Brume_Lofoten-2-150x84.jpg 150w\" sizes=\"(max-width: 587px) 100vw, 587px\" \/><\/figure>\n\n\n\n<p>Mais cela ne dure jamais tr\u00e8s longtemps. La brume d\u00e9file inlassablement devant nos yeux. <\/p>\n\n\n\n<figure class=\"wp-block-embed-youtube wp-block-embed is-type-video is-provider-youtube wp-embed-aspect-16-9 wp-has-aspect-ratio\"><div class=\"wp-block-embed__wrapper\">\n<iframe loading=\"lazy\" title=\"Sommet du Munken\" width=\"900\" height=\"506\" src=\"https:\/\/www.youtube.com\/embed\/WUrQXNBgWaI?feature=oembed\" frameborder=\"0\" allow=\"accelerometer; autoplay; clipboard-write; encrypted-media; gyroscope; picture-in-picture\" allowfullscreen><\/iframe>\n<\/div><\/figure>\n\n\n\n<div class=\"wp-block-media-text alignwide\"><figure class=\"wp-block-media-text__media\"><img decoding=\"async\" loading=\"lazy\" width=\"500\" height=\"712\" src=\"http:\/\/www.carnets-dailleurs.com\/wp-content\/uploads\/2018\/12\/Crete-Munken_Lofoten.jpg\" alt=\"\" class=\"wp-image-1440\" srcset=\"https:\/\/www.carnets-dailleurs.com\/wp-content\/uploads\/2018\/12\/Crete-Munken_Lofoten.jpg 500w, https:\/\/www.carnets-dailleurs.com\/wp-content\/uploads\/2018\/12\/Crete-Munken_Lofoten-211x300.jpg 211w, https:\/\/www.carnets-dailleurs.com\/wp-content\/uploads\/2018\/12\/Crete-Munken_Lofoten-105x150.jpg 105w\" sizes=\"(max-width: 500px) 100vw, 500px\" \/><\/figure><div class=\"wp-block-media-text__content\">\n<p>Nous revenons un peu sur nos pas. Sur la droite, un chemin chaotique permet d\u2019aller au bout d\u2019une cr\u00eate. <\/p>\n<\/div><\/div>\n\n\n\n<p>Deux anglais s\u2019y aventurent mais c\u2019est quand m\u00eame un peu p\u00e9rilleux\u2026 \u00e7a ne nous fait pas vraiment envie\u2026<\/p>\n\n\n\n<div class=\"wp-block-media-text alignwide has-media-on-the-right\"><figure class=\"wp-block-media-text__media\"><img decoding=\"async\" loading=\"lazy\" width=\"540\" height=\"960\" src=\"http:\/\/www.carnets-dailleurs.com\/wp-content\/uploads\/2018\/12\/Descente-Munken_Lofoten.jpg\" alt=\"\" class=\"wp-image-1441\" srcset=\"https:\/\/www.carnets-dailleurs.com\/wp-content\/uploads\/2018\/12\/Descente-Munken_Lofoten.jpg 540w, https:\/\/www.carnets-dailleurs.com\/wp-content\/uploads\/2018\/12\/Descente-Munken_Lofoten-169x300.jpg 169w, https:\/\/www.carnets-dailleurs.com\/wp-content\/uploads\/2018\/12\/Descente-Munken_Lofoten-84x150.jpg 84w\" sizes=\"(max-width: 540px) 100vw, 540px\" \/><\/figure><div class=\"wp-block-media-text__content\">\n<p>Il y a pas mal de vent ici et on a vite froid quand on ne bouge pas. Nous ne nous attardons donc pas trop et prenons le chemin du retour en revenant sur nos pas. <\/p>\n<\/div><\/div>\n\n\n\n<p>Je suis un peu d\u00e9\u00e7ue de ne pas avoir eu une vue compl\u00e8tement d\u00e9gag\u00e9e sur les fjords et les montagnes mais j\u2019arrive tout de m\u00eame \u00e0 voir presque enti\u00e8rement le Hermmansdalstinden\u2026 <\/p>\n\n\n\n<figure class=\"wp-block-image is-resized\"><img decoding=\"async\" loading=\"lazy\" src=\"http:\/\/www.carnets-dailleurs.com\/wp-content\/uploads\/2018\/12\/Hermmansdalstinden_Lofoten.jpg\" alt=\"\" class=\"wp-image-1442\" width=\"585\" height=\"329\" srcset=\"https:\/\/www.carnets-dailleurs.com\/wp-content\/uploads\/2018\/12\/Hermmansdalstinden_Lofoten.jpg 500w, https:\/\/www.carnets-dailleurs.com\/wp-content\/uploads\/2018\/12\/Hermmansdalstinden_Lofoten-300x169.jpg 300w, https:\/\/www.carnets-dailleurs.com\/wp-content\/uploads\/2018\/12\/Hermmansdalstinden_Lofoten-150x84.jpg 150w\" sizes=\"(max-width: 585px) 100vw, 585px\" \/><\/figure>\n\n\n\n<p>\u2026 et son sommet, furtivement. <\/p>\n\n\n\n<figure class=\"wp-block-image is-resized\"><img decoding=\"async\" loading=\"lazy\" src=\"http:\/\/www.carnets-dailleurs.com\/wp-content\/uploads\/2018\/12\/Sommet-Hermmansdalstinden_Lofoten.jpg\" alt=\"\" class=\"wp-image-1443\" width=\"584\" height=\"328\" srcset=\"https:\/\/www.carnets-dailleurs.com\/wp-content\/uploads\/2018\/12\/Sommet-Hermmansdalstinden_Lofoten.jpg 500w, https:\/\/www.carnets-dailleurs.com\/wp-content\/uploads\/2018\/12\/Sommet-Hermmansdalstinden_Lofoten-300x169.jpg 300w, https:\/\/www.carnets-dailleurs.com\/wp-content\/uploads\/2018\/12\/Sommet-Hermmansdalstinden_Lofoten-150x84.jpg 150w\" sizes=\"(max-width: 584px) 100vw, 584px\" \/><\/figure>\n\n\n\n<p>\n\nSur notre gauche, une belle falaise se dresse au-dessus du fjord.\n\n<\/p>\n\n\n\n<figure class=\"wp-block-image is-resized\"><img decoding=\"async\" loading=\"lazy\" src=\"http:\/\/www.carnets-dailleurs.com\/wp-content\/uploads\/2018\/12\/Falaises_Lofoten.jpg\" alt=\"\" class=\"wp-image-1444\" width=\"583\" height=\"328\" srcset=\"https:\/\/www.carnets-dailleurs.com\/wp-content\/uploads\/2018\/12\/Falaises_Lofoten.jpg 500w, https:\/\/www.carnets-dailleurs.com\/wp-content\/uploads\/2018\/12\/Falaises_Lofoten-300x169.jpg 300w, https:\/\/www.carnets-dailleurs.com\/wp-content\/uploads\/2018\/12\/Falaises_Lofoten-150x84.jpg 150w\" sizes=\"(max-width: 583px) 100vw, 583px\" \/><\/figure>\n\n\n\n<p>Un peu plus loin sur la droite, on aper\u00e7oit le groupe de fran\u00e7ais en file indienne, qui avance le long de cette cr\u00eate. C\u2019est assez dr\u00f4le de voir toutes ces silhouettes se d\u00e9tacher. On dirait qu\u2019ils prennent un chemin diff\u00e9rent pour le retour. Nous, nous reprendrons celui de l\u2019aller. Nous avons eu notre dose de d\u00e9nivel\u00e9 pour la journ\u00e9e. Et eux ne sont pas mont\u00e9s en haut du Munken. Nous les retrouverons un peu plus bas, sur le chemin.<\/p>\n\n\n\n<p>Nous repassons par les dalles, longeons les diff\u00e9rents lacs. Ma cheville commence \u00e0 me faire un peu mal. Il est temps que je fasse une pause on dirait.<br>Une courte pause pr\u00e8s de la cascade et nous arrivons sur la route. Nous la suivons jusque Moskenes.<br>En chemin, nous jetons un \u0153il par la fen\u00eatre d\u2019une galerie qui est ferm\u00e9e. On aper\u00e7oit une esp\u00e8ce de mer de d\u00e9tritus sur une b\u00e2che en plastique et des tableaux un peu tortur\u00e9s sur la mer\u2026Particulier !<br><\/p>\n\n\n\n<p>Retour au camping. Pr\u00e8s de notre emplacement, un groupe de tentes Simonds a fait son apparition. Pour le groupe de fran\u00e7ais que nous avons crois\u00e9 aujourd\u2019hui ?<\/p>\n\n\n\n<div class=\"wp-block-media-text alignwide\"><figure class=\"wp-block-media-text__media\"><img decoding=\"async\" loading=\"lazy\" width=\"422\" height=\"750\" src=\"http:\/\/www.carnets-dailleurs.com\/wp-content\/uploads\/2018\/12\/Bache-terrasse_Lofoten.jpg\" alt=\"\" class=\"wp-image-1445\" srcset=\"https:\/\/www.carnets-dailleurs.com\/wp-content\/uploads\/2018\/12\/Bache-terrasse_Lofoten.jpg 422w, https:\/\/www.carnets-dailleurs.com\/wp-content\/uploads\/2018\/12\/Bache-terrasse_Lofoten-169x300.jpg 169w, https:\/\/www.carnets-dailleurs.com\/wp-content\/uploads\/2018\/12\/Bache-terrasse_Lofoten-84x150.jpg 84w\" sizes=\"(max-width: 422px) 100vw, 422px\" \/><\/figure><div class=\"wp-block-media-text__content\">\n<p>Pour notre derni\u00e8re soir\u00e9e aux Lofoten, nous allons prendre un verre au bar du camping. La salle est pleine, nous allons nous installer sous la terrasse couverte.<br>La m\u00e9t\u00e9o a bien chang\u00e9 : le vent s\u2019est lev\u00e9 et \u00e7a s\u2019est bien rafraichit. Pas \u00e9tonnant que le bar soit plein \u00e0 craquer ! Tout le monde vient se mettre au chaud pour manger un morceau ou boire un verre.<br>Peu de temps apr\u00e8s, il se met \u00e0 pleuvoir des cordes. La b\u00e2che de la terrasse souffre pas mal avec ce vent\u2026 <\/p>\n<\/div><\/div>\n\n\n\n<p>Le mec du bar nous explique qu\u2019il l\u2019a fait poser il y a seulement deux semaines\u2026 Donc soit \u00e7a a pas mal souffl\u00e9\u2026 soit il devrait se faire rembourser !<\/p>\n\n\n\n<p>Nous dinons ensuite dans nos tentes. Ce soir, nous commen\u00e7ons \u00e0 rassembler nos affaires. On dirait que nous allons encore plier la tente mouill\u00e9e\u2026<\/p>\n\n\n\n<p>Demain nous quittons les Lofoten. La travers\u00e9e nord-sud est termin\u00e9e, nous avons r\u00e9ussi \u00e0 la boucler m\u00eame si les derni\u00e8res \u00e9tapes se sont faites dans le d\u00e9sordre. Au final, &nbsp;il nous aura fallu 10 jours. Nous avions pr\u00e9vu de le faire en 9 jours avec une journ\u00e9e tampon : on s\u2019en sort donc bien ! On est crev\u00e9es mais une chose est s\u00fbre : nous allons revenir avec un sacr\u00e9 paquet de souvenirs et d\u2019images dans la t\u00eate. Les Lofoten, c\u2019est exigeant, \u00e7a se m\u00e9rite mais \u00e7a vaut sacr\u00e9ment le coup !<\/p>\n\n\n\n<h2 class=\"wp-block-heading\">Photos de la journ\u00e9e<\/h2>\n\n\n\n\n","protected":false},"excerpt":{"rendered":"<p>Dixi\u00e8me \u00e9tape de la travers\u00e9e (20 km) Ascension : 1208 m \/ Descente : 1209 m Cette fois, c\u2019est la bonne : au r\u00e9veil, le soleil pointe le bout de son nez. Nous allons pouvoir faire l\u2019ascension du Munken. Pourtant, il a plus des cordes une bonne partie de la&#8230;<\/p>\n<p> <a class=\"continue-reading-link\" href=\"https:\/\/www.carnets-dailleurs.com\/index.php\/2018\/12\/29\/26-juillet-2015-ascension-du-munken\/\"><span>Lire la suite<\/span><i class=\"crycon-right-dir\"><\/i><\/a> <\/p>\n","protected":false},"author":1,"featured_media":0,"comment_status":"closed","ping_status":"closed","sticky":false,"template":"","format":"standard","meta":{"_mi_skip_tracking":false},"categories":[21],"tags":[],"_links":{"self":[{"href":"https:\/\/www.carnets-dailleurs.com\/index.php\/wp-json\/wp\/v2\/posts\/1423"}],"collection":[{"href":"https:\/\/www.carnets-dailleurs.com\/index.php\/wp-json\/wp\/v2\/posts"}],"about":[{"href":"https:\/\/www.carnets-dailleurs.com\/index.php\/wp-json\/wp\/v2\/types\/post"}],"author":[{"embeddable":true,"href":"https:\/\/www.carnets-dailleurs.com\/index.php\/wp-json\/wp\/v2\/users\/1"}],"replies":[{"embeddable":true,"href":"https:\/\/www.carnets-dailleurs.com\/index.php\/wp-json\/wp\/v2\/comments?post=1423"}],"version-history":[{"count":3,"href":"https:\/\/www.carnets-dailleurs.com\/index.php\/wp-json\/wp\/v2\/posts\/1423\/revisions"}],"predecessor-version":[{"id":6009,"href":"https:\/\/www.carnets-dailleurs.com\/index.php\/wp-json\/wp\/v2\/posts\/1423\/revisions\/6009"}],"wp:attachment":[{"href":"https:\/\/www.carnets-dailleurs.com\/index.php\/wp-json\/wp\/v2\/media?parent=1423"}],"wp:term":[{"taxonomy":"category","embeddable":true,"href":"https:\/\/www.carnets-dailleurs.com\/index.php\/wp-json\/wp\/v2\/categories?post=1423"},{"taxonomy":"post_tag","embeddable":true,"href":"https:\/\/www.carnets-dailleurs.com\/index.php\/wp-json\/wp\/v2\/tags?post=1423"}],"curies":[{"name":"wp","href":"https:\/\/api.w.org\/{rel}","templated":true}]}}