{"id":1485,"date":"2018-12-29T21:16:39","date_gmt":"2018-12-29T20:16:39","guid":{"rendered":"http:\/\/www.carnets-dailleurs.com\/?p=1485"},"modified":"2020-12-23T12:01:42","modified_gmt":"2020-12-23T11:01:42","slug":"28-juillet-2015-bodo","status":"publish","type":"post","link":"https:\/\/www.carnets-dailleurs.com\/index.php\/2018\/12\/29\/28-juillet-2015-bodo\/","title":{"rendered":"28 juillet 2015 &#8211; Bod\u00f8"},"content":{"rendered":"\n<p>Aujourd\u2019hui sera pour moi une journ\u00e9e de transition \u00e0 Bod\u00f8. L\u2019occasion de se reposer un peu apr\u00e8s la travers\u00e9e des Lofoten et de reprendre des forces avant de partir pour le Spitzberg.<br>Une journ\u00e9e pour fl\u00e2ner un peu en ville et voir ce que je peux faire en arrivant \u00e0 Longyearbyen. J\u2019arrive quelques jours avant le d\u00e9but de mon trek mais je n\u2019ai pas encore r\u00e9fl\u00e9chi \u00e0 ce que j\u2019allais faire.<br><\/p>\n\n\n\n<p>Edwige est partie ce matin \u00e0 5h. Moi, je commence \u00e0 bouger \u00e0 8h.<\/p>\n\n\n\n<p>Premi\u00e8rement : faire s\u00e9cher la tente d\u2019ici demain. Je l\u2019\u00e9tale donc dans la salle de bain. Il y a comme une odeur d\u2019herbe et de mar\u00e9e\u2026<\/p>\n\n\n\n<p>Deuxi\u00e8mement : recoudre un peu mon pantalon de pluie. Il a souffert encore un peu plus cette ann\u00e9e. Cette fois, c\u2019est s\u00fbr, je le jette en rentrant. Mais l\u00e0, il faut qu\u2019il tienne encore un peu\u2026<\/p>\n\n\n\n<p>Puis je sors en ville. A moi Bod\u00f8 !<\/p>\n\n\n\n<div class=\"wp-block-image\"><figure class=\"aligncenter is-resized\"><img decoding=\"async\" loading=\"lazy\" src=\"http:\/\/www.carnets-dailleurs.com\/wp-content\/uploads\/2018\/12\/Bodo_Lofoten.jpg\" alt=\"\" class=\"wp-image-1486\" width=\"588\" height=\"325\" srcset=\"https:\/\/www.carnets-dailleurs.com\/wp-content\/uploads\/2018\/12\/Bodo_Lofoten.jpg 500w, https:\/\/www.carnets-dailleurs.com\/wp-content\/uploads\/2018\/12\/Bodo_Lofoten-300x166.jpg 300w, https:\/\/www.carnets-dailleurs.com\/wp-content\/uploads\/2018\/12\/Bodo_Lofoten-150x83.jpg 150w\" sizes=\"(max-width: 588px) 100vw, 588px\" \/><\/figure><\/div>\n\n\n\n<div class=\"wp-block-media-text alignwide\"><figure class=\"wp-block-media-text__media\"><img decoding=\"async\" loading=\"lazy\" width=\"422\" height=\"750\" src=\"http:\/\/www.carnets-dailleurs.com\/wp-content\/uploads\/2018\/12\/Ciel-bleu-Bodo_Lofoten.jpg\" alt=\"\" class=\"wp-image-1488\" srcset=\"https:\/\/www.carnets-dailleurs.com\/wp-content\/uploads\/2018\/12\/Ciel-bleu-Bodo_Lofoten.jpg 422w, https:\/\/www.carnets-dailleurs.com\/wp-content\/uploads\/2018\/12\/Ciel-bleu-Bodo_Lofoten-169x300.jpg 169w, https:\/\/www.carnets-dailleurs.com\/wp-content\/uploads\/2018\/12\/Ciel-bleu-Bodo_Lofoten-84x150.jpg 84w\" sizes=\"(max-width: 422px) 100vw, 422px\" \/><\/figure><div class=\"wp-block-media-text__content\">\n<p>Comme l\u2019avait pr\u00e9vu la m\u00e9t\u00e9o, le soleil brille et il n\u2019y a pas un nuage dans le ciel : grand bleu ! <\/p>\n<\/div><\/div>\n\n\n\n<p>Ces grands \u00e9carts m\u00e9t\u00e9orologiques m\u2019\u00e9tonneront toujours.<\/p>\n\n\n\n<p>Je commence par aller faire un tour vers le port, o\u00f9 je me pose au soleil pour \u00e9crire un peu.<\/p>\n\n\n\n<figure class=\"wp-block-image is-resized\"><img decoding=\"async\" loading=\"lazy\" src=\"http:\/\/www.carnets-dailleurs.com\/wp-content\/uploads\/2018\/12\/Port-Bodo.jpg\" alt=\"\" class=\"wp-image-1489\" width=\"584\" height=\"328\" srcset=\"https:\/\/www.carnets-dailleurs.com\/wp-content\/uploads\/2018\/12\/Port-Bodo.jpg 500w, https:\/\/www.carnets-dailleurs.com\/wp-content\/uploads\/2018\/12\/Port-Bodo-300x169.jpg 300w, https:\/\/www.carnets-dailleurs.com\/wp-content\/uploads\/2018\/12\/Port-Bodo-150x84.jpg 150w\" sizes=\"(max-width: 584px) 100vw, 584px\" \/><\/figure>\n\n\n\n<p>Puis je vais faire un tour dans les magasins du coin pour essayer de trouver des gu\u00eatres. Je n\u2019en ai pas et quand je vois le sol tremp\u00e9 que nous avons eu aux Lofoten, je me dis que ce sera pareil voir pire tout l\u00e0-haut\u2026 La qu\u00eate est plus dure que pr\u00e9vue mais je finis par en trouver dans une petite boutique pr\u00e8s du port.<\/p>\n\n\n\n<div class=\"wp-block-media-text alignwide\"><figure class=\"wp-block-media-text__media\"><img decoding=\"async\" loading=\"lazy\" width=\"422\" height=\"750\" src=\"http:\/\/www.carnets-dailleurs.com\/wp-content\/uploads\/2018\/12\/Repas-Norvege.jpg\" alt=\"\" class=\"wp-image-1490\" srcset=\"https:\/\/www.carnets-dailleurs.com\/wp-content\/uploads\/2018\/12\/Repas-Norvege.jpg 422w, https:\/\/www.carnets-dailleurs.com\/wp-content\/uploads\/2018\/12\/Repas-Norvege-169x300.jpg 169w, https:\/\/www.carnets-dailleurs.com\/wp-content\/uploads\/2018\/12\/Repas-Norvege-84x150.jpg 84w\" sizes=\"(max-width: 422px) 100vw, 422px\" \/><\/figure><div class=\"wp-block-media-text__content\">\n<p>Je reviens \u00e0 l\u2019auberge de jeunesse pour d\u00e9jeuner. Repas local : croquettes de poisson et skyr. <\/p>\n<\/div><\/div>\n\n\n\n<p>Ce n\u2019est pas de la grande cuisine mais \u00e7a fait plaisir de ne pas manger de plat lyophilis\u00e9 !<\/p>\n\n\n\n<p>Je d\u00e9cide de retourner ensuite en ville et de profiter du beau temps pour me balader dans les rues : du cot\u00e9 de la cath\u00e9drale, puis du cot\u00e9 du mus\u00e9e de l\u2019aviation que je ne pourrai pas visiter\u2026 \u00e7a ferme \u00e0 16h et il est d\u00e9j\u00e0 presque 16h.<\/p>\n\n\n\n<p>Retour \u00e0 l\u2019auberge de jeunesse. J\u2019envoie un mail \u00e0 une agence de Longyearbyen pour essayer de booker une escapade avec des chiens de traineau. J\u2019esp\u00e8re avoir une r\u00e9ponse d\u2019ici demain sinon je verrai directement sur place.<\/p>\n\n\n\n<p>La journ\u00e9e s\u2019ach\u00e8ve. Ce soir, je dois boucler mon sac et essayer de tout faire rentrer. \u00c7a se termine toujours au chausse-pied cette affaire. Cette fois encore, c\u2019est juste mais j\u2019arrive \u00e0 tout faire tenir. J\u2019esp\u00e8re juste ne pas d\u00e9passer les 23kg autoris\u00e9s\u2026<\/p>\n\n\n\n<p>Le taxi est command\u00e9 pour demain matin et le r\u00e9veil r\u00e9gl\u00e9 aux aurores. Je suis pr\u00eate pour la suite des vacances !<\/p>\n\n\n\n<p><br><\/p>\n","protected":false},"excerpt":{"rendered":"<p>Aujourd\u2019hui sera pour moi une journ\u00e9e de transition \u00e0 Bod\u00f8. L\u2019occasion de se reposer un peu apr\u00e8s la travers\u00e9e des Lofoten et de reprendre des forces avant de partir pour le Spitzberg.Une journ\u00e9e pour fl\u00e2ner un peu en ville et voir ce que je peux faire en arrivant \u00e0 Longyearbyen&#8230;.<\/p>\n<p> <a class=\"continue-reading-link\" href=\"https:\/\/www.carnets-dailleurs.com\/index.php\/2018\/12\/29\/28-juillet-2015-bodo\/\"><span>Lire la suite<\/span><i class=\"crycon-right-dir\"><\/i><\/a> <\/p>\n","protected":false},"author":1,"featured_media":0,"comment_status":"closed","ping_status":"open","sticky":false,"template":"","format":"standard","meta":{"_mi_skip_tracking":false},"categories":[21],"tags":[],"_links":{"self":[{"href":"https:\/\/www.carnets-dailleurs.com\/index.php\/wp-json\/wp\/v2\/posts\/1485"}],"collection":[{"href":"https:\/\/www.carnets-dailleurs.com\/index.php\/wp-json\/wp\/v2\/posts"}],"about":[{"href":"https:\/\/www.carnets-dailleurs.com\/index.php\/wp-json\/wp\/v2\/types\/post"}],"author":[{"embeddable":true,"href":"https:\/\/www.carnets-dailleurs.com\/index.php\/wp-json\/wp\/v2\/users\/1"}],"replies":[{"embeddable":true,"href":"https:\/\/www.carnets-dailleurs.com\/index.php\/wp-json\/wp\/v2\/comments?post=1485"}],"version-history":[{"count":3,"href":"https:\/\/www.carnets-dailleurs.com\/index.php\/wp-json\/wp\/v2\/posts\/1485\/revisions"}],"predecessor-version":[{"id":5978,"href":"https:\/\/www.carnets-dailleurs.com\/index.php\/wp-json\/wp\/v2\/posts\/1485\/revisions\/5978"}],"wp:attachment":[{"href":"https:\/\/www.carnets-dailleurs.com\/index.php\/wp-json\/wp\/v2\/media?parent=1485"}],"wp:term":[{"taxonomy":"category","embeddable":true,"href":"https:\/\/www.carnets-dailleurs.com\/index.php\/wp-json\/wp\/v2\/categories?post=1485"},{"taxonomy":"post_tag","embeddable":true,"href":"https:\/\/www.carnets-dailleurs.com\/index.php\/wp-json\/wp\/v2\/tags?post=1485"}],"curies":[{"name":"wp","href":"https:\/\/api.w.org\/{rel}","templated":true}]}}