{"id":1931,"date":"2019-01-11T22:53:00","date_gmt":"2019-01-11T21:53:00","guid":{"rendered":"http:\/\/www.carnets-dailleurs.com\/?p=1931"},"modified":"2019-01-11T22:56:41","modified_gmt":"2019-01-11T21:56:41","slug":"21-aout-2013-braedrafell-sur-les-traces-darmstrong","status":"publish","type":"post","link":"https:\/\/www.carnets-dailleurs.com\/index.php\/2019\/01\/11\/21-aout-2013-braedrafell-sur-les-traces-darmstrong\/","title":{"rendered":"21 ao\u00fbt 2013 &#8211; Br\u00e6\u00f0rafell, sur les traces d&rsquo;Armstrong"},"content":{"rendered":"\n<p>Il est t\u00f4t. \u00c7a discute dehors. 6h30. Vraiment t\u00f4t. Mais motiv\u00e9e !&nbsp;Hop ! Je me l\u00e8ve, fais chauffer l&rsquo;eau pour un caf\u00e9. Il a fait froid cette nuit et il fait encore froid ce matin.<\/p>\n\n\n\n<p>Je commence \u00e0 ranger mes affaires dans mon sac. Je sors de la tente, la d\u00e9monte, la plie et l&rsquo;accroche \u00e0 mon sac. Je suis pr\u00eate. Enfin presque. J&rsquo;ai encore quelques bricoles \u00e0 mettre dans mon sac mais il est d\u00e9j\u00e0 7h40. L&rsquo;heure de partir pour \u00eatre \u00e0 l&rsquo;heure au bus. Je fourre tout \u00e7a dans un grand sac Bonus et je verrai plus tard pour les caser dans mon sac \u00e0 dos.<\/p>\n\n\n\n<p>Nous arrivons devant le centre d&rsquo;information. Le bus 4&#215;4 est l\u00e0. Nous chargeons nos gros sacs dans le coffre. Les seuls gros sacs\u2026 Toutes les autres personnes n&rsquo;ont qu&rsquo;un petit sac \u00e0 dos. Ils partent pour la journ\u00e9e. Nous partons pour 5 jours.<\/p>\n\n\n\n<p>Nous montons dans le bus, nous partons. Le ciel est un peu gris mais il n&rsquo;y a pas de brume. Nous pouvons voir toutes les montagnes aux alentours. Nous suivons d&rsquo;abord la route n\u00b01 puis nous bifurquons sur une piste.<\/p>\n\n\n\n<p>Le paysage devient exclusivement min\u00e9ral. De la lave, de lave \u00e0 perte de vue. Le bus arrive devant une rivi\u00e8re. Elle n&rsquo;est pas tr\u00e8s haute, nous la traversons.<\/p>\n\n\n\n<figure class=\"wp-block-image is-resized\"><img decoding=\"async\" loading=\"lazy\" src=\"http:\/\/www.carnets-dailleurs.com\/wp-content\/uploads\/2019\/01\/Route-Braedafell.jpg\" alt=\"\" class=\"wp-image-1932\" width=\"583\" height=\"318\" srcset=\"https:\/\/www.carnets-dailleurs.com\/wp-content\/uploads\/2019\/01\/Route-Braedafell.jpg 500w, https:\/\/www.carnets-dailleurs.com\/wp-content\/uploads\/2019\/01\/Route-Braedafell-300x164.jpg 300w, https:\/\/www.carnets-dailleurs.com\/wp-content\/uploads\/2019\/01\/Route-Braedafell-150x82.jpg 150w\" sizes=\"(max-width: 583px) 100vw, 583px\" \/><\/figure>\n\n\n\n<p>Le bus fait une pause ici. Nous descendons pour nous d\u00e9gourdir les jambes\u2026 <\/p>\n\n\n\n<figure class=\"wp-block-image is-resized\"><img decoding=\"async\" loading=\"lazy\" src=\"http:\/\/www.carnets-dailleurs.com\/wp-content\/uploads\/2019\/01\/Bus_Islande.jpg\" alt=\"\" class=\"wp-image-1933\" width=\"584\" height=\"328\" srcset=\"https:\/\/www.carnets-dailleurs.com\/wp-content\/uploads\/2019\/01\/Bus_Islande.jpg 500w, https:\/\/www.carnets-dailleurs.com\/wp-content\/uploads\/2019\/01\/Bus_Islande-300x169.jpg 300w, https:\/\/www.carnets-dailleurs.com\/wp-content\/uploads\/2019\/01\/Bus_Islande-150x84.jpg 150w\" sizes=\"(max-width: 584px) 100vw, 584px\" \/><\/figure>\n\n\n\n<p>\u2026 et admirer le paysage. Au loin, Her\u00f0ubrei\u00f0 se dessine. Pas de brume aujourd&rsquo;hui, la montagne est visible en entier, ce qui n&rsquo;est pas si courant. Her\u00f0ubrei\u00f0\u2026 le point de d\u00e9part de notre trek. <\/p>\n\n\n\n<figure class=\"wp-block-image is-resized\"><img decoding=\"async\" loading=\"lazy\" src=\"http:\/\/www.carnets-dailleurs.com\/wp-content\/uploads\/2019\/01\/Route-Braedafell-Herdubreid.jpg\" alt=\"\" class=\"wp-image-1934\" width=\"589\" height=\"332\" srcset=\"https:\/\/www.carnets-dailleurs.com\/wp-content\/uploads\/2019\/01\/Route-Braedafell-Herdubreid.jpg 500w, https:\/\/www.carnets-dailleurs.com\/wp-content\/uploads\/2019\/01\/Route-Braedafell-Herdubreid-300x169.jpg 300w, https:\/\/www.carnets-dailleurs.com\/wp-content\/uploads\/2019\/01\/Route-Braedafell-Herdubreid-150x85.jpg 150w\" sizes=\"(max-width: 589px) 100vw, 589px\" \/><\/figure>\n\n\n\n<p>Le bus repart. Nous roulons encore quelques minutes, le bus serpente dans le champ de lave qui s&rsquo;\u00e9tale \u00e0 perte de vue. La piste, la poussi\u00e8re.<\/p>\n\n\n\n<p>Nous arrivons \u00e0 Her\u00f0ubrei\u00f0. Nous r\u00e9cup\u00e9rons nos sacs et allons directement voir le gardien du refuge pour lui signaler notre pr\u00e9sence et l&rsquo;informer de notre parcours. Il a l&rsquo;air un peu d\u00e9tach\u00e9 de tout \u00e7a\u2026 \u2018\u00d6skjuvegur ? Oui, super. Bon voyage !\u2019 Euh\u2026 Oui mais quand m\u00eame, on aimerait avoir quelques pr\u00e9cisions. On ne part quand m\u00eame pas en balade ! Nous posons nos questions. La m\u00e9t\u00e9o s&rsquo;annonce plut\u00f4t bonne. Ce sera un peu plus couvert demain mais il fera aussi plus chaud. Peu de neige en haut d&rsquo;Askja. C&rsquo;est une bonne chose. Et le col de J\u00f3nsskar\u00f0 ? Comment \u00e7a se passe l\u00e0-haut ? D&rsquo;apr\u00e8s mes recherches, c&rsquo;est le point d\u00e9licat de notre deuxi\u00e8me \u00e9tape : 1280m, il peut y avoir du vent, de la neige. &lsquo;Non, peu de neige l\u00e0-haut aussi et pas de coup de vent pr\u00e9vu dans les prochains jours\u2019. Bien\u2026 Enfin, c&rsquo;est ce que je pense \u00e0 ce moment l\u00e0. A l&rsquo;entendre, on part pour une promenade de sant\u00e9\u2026 Nous ne sommes pas dupe\u2026<\/p>\n\n\n\n<p>Nous lui parlons de notre point d&rsquo;arriv\u00e9e. Nous voulions terminer \u00e0 Svart\u00e1rkot mais c&rsquo;est loin de la route n\u00b01 et nous n&rsquo;avons pas trouv\u00e9 de pick-up. Il r\u00e9fl\u00e9chit, passe un coup de fil et griffonne un num\u00e9ro de t\u00e9l\u00e9phone sur un bout de papier. C&rsquo;est celui de quelqu&rsquo;un qui peut nous arranger un pick-up l\u00e0-bas. Cool ! Nous ne savons pas encore o\u00f9 nous terminerons notre p\u00e9riple mais au moins, nous avons maintenant le choix entre deux solutions : Svart\u00e1rkot, le chemin le plus court, ou Sellandafjalls. Mais cela signifie marcher un jour de plus et camper une nuit en sauvage, au bord d&rsquo;une rivi\u00e8re. A voir\u2026 Nous d\u00e9ciderons plus tard.<br><\/p>\n\n\n\n<p>Derni\u00e8re question : qu&rsquo;en est-il de l&rsquo;eau dans les refuges ? Des bidons pour r\u00e9cup\u00e9rer l&rsquo;eau de pluie dans le premier et &lsquo;full water\u2019 \u00e0 Dreki. \u00c9tant donn\u00e9 qu&rsquo;il a plu cette nuit, il devrait y avoir de l&rsquo;eau au refuge de Br\u00e6\u00f0rafell ce soir. Mais y en aura-t-il assez ? Nous d\u00e9cidons quand m\u00eame de garder de l&rsquo;eau en rab. Je prends 3,5 litres. 3,5kg en plus sur le dos\u2026 C&rsquo;est lourd, dans un sac d\u00e9j\u00e0 bien lourd. Mais nous pr\u00e9f\u00e8rons \u00eatre prudentes. On s&rsquo;aventure dans une r\u00e9gion ou chaque d\u00e9tail compte et o\u00f9 la prudence est de mise. Un endroit qui r\u00e9pond aux r\u00e8gles de&nbsp; l&rsquo;impr\u00e9visible.<\/p>\n\n\n\n<p>Un passager du bus vient nous voir et nous demande si nous allons marcher. Oui. Il enchaine les questions. Combien p\u00e8sent vos sacs ? Ils sont lourds. Quel parcours allez-vous faire. Le \u00d6skjuvegur, nous d\u00e9taillons les \u00e9tapes. Pour finir la conversation, il nous souhaite bonne route. Tout comme le chauffeur du bus que nous croisons. Lui rajoute que nous devons \u00eatre prudentes : il y a deux jours, il a neig\u00e9 \u00e0 Askja.<\/p>\n\n\n\n<p>Pour le moment, il pleut un peu. Nous enfilons nos habits de pluie, ajustons les sacs et partons. Nous croisons les gens qui \u00e9taient dans le bus avec nous et qui eux, remontent dedans. Ils continent en direction d&rsquo;Askja. Ils nous regardent, un peu intrigu\u00e9s\u2026 Mais que font deux nanas avec un gros sac au milieu de ce paysage de d\u00e9solation ??<\/p>\n\n\n\n<div class=\"wp-block-media-text alignwide\"><figure class=\"wp-block-media-text__media\"><img decoding=\"async\" loading=\"lazy\" width=\"422\" height=\"750\" src=\"http:\/\/www.carnets-dailleurs.com\/wp-content\/uploads\/2019\/01\/Depart-Askja-trail_Islande.jpg\" alt=\"\" class=\"wp-image-1935\" srcset=\"https:\/\/www.carnets-dailleurs.com\/wp-content\/uploads\/2019\/01\/Depart-Askja-trail_Islande.jpg 422w, https:\/\/www.carnets-dailleurs.com\/wp-content\/uploads\/2019\/01\/Depart-Askja-trail_Islande-169x300.jpg 169w, https:\/\/www.carnets-dailleurs.com\/wp-content\/uploads\/2019\/01\/Depart-Askja-trail_Islande-84x150.jpg 84w\" sizes=\"(max-width: 422px) 100vw, 422px\" \/><\/figure><div class=\"wp-block-media-text__content\">\n<p>Face \u00e0 nous, Her\u00f0ubrei\u00f0 et le premier piquet qui marque le chemin dans la lave. C&rsquo;est parti, direction Br\u00e6\u00f0rafell ! <\/p>\n<\/div><\/div>\n\n\n\n<p>Nous devons contourner la montagne. Mais d&rsquo;abord, il faut s&rsquo;en approcher et arriver au pied. Autour de nous, un paysage min\u00e9ral. Noir, gris, marron. Seuls les piquets qui marquent les diff\u00e9rents chemins de randonn\u00e9e apporte une petite touche de couleur. <\/p>\n\n\n\n<figure class=\"wp-block-image is-resized\"><img decoding=\"async\" loading=\"lazy\" src=\"http:\/\/www.carnets-dailleurs.com\/wp-content\/uploads\/2019\/01\/Lave-Herdubreid_Islande.jpg\" alt=\"\" class=\"wp-image-1936\" width=\"587\" height=\"331\" srcset=\"https:\/\/www.carnets-dailleurs.com\/wp-content\/uploads\/2019\/01\/Lave-Herdubreid_Islande.jpg 500w, https:\/\/www.carnets-dailleurs.com\/wp-content\/uploads\/2019\/01\/Lave-Herdubreid_Islande-300x169.jpg 300w, https:\/\/www.carnets-dailleurs.com\/wp-content\/uploads\/2019\/01\/Lave-Herdubreid_Islande-150x85.jpg 150w\" sizes=\"(max-width: 587px) 100vw, 587px\" \/><\/figure>\n\n\n\n<p>\n\nNous avan\u00e7ons dans ce d\u00e9sert de lave. Les rep\u00e8res sont difficiles. La lave cord\u00e9e s&rsquo;\u00e9tale sous nos pieds. C&rsquo;est joli mais ce n&rsquo;est pas le terrain id\u00e9al pour marcher.\n\n<\/p>\n\n\n\n<figure class=\"wp-block-image is-resized\"><img decoding=\"async\" loading=\"lazy\" src=\"http:\/\/www.carnets-dailleurs.com\/wp-content\/uploads\/2019\/01\/Desert-lave-Herdubreid_Islande.jpg\" alt=\"\" class=\"wp-image-1937\" width=\"586\" height=\"331\" srcset=\"https:\/\/www.carnets-dailleurs.com\/wp-content\/uploads\/2019\/01\/Desert-lave-Herdubreid_Islande.jpg 500w, https:\/\/www.carnets-dailleurs.com\/wp-content\/uploads\/2019\/01\/Desert-lave-Herdubreid_Islande-300x169.jpg 300w, https:\/\/www.carnets-dailleurs.com\/wp-content\/uploads\/2019\/01\/Desert-lave-Herdubreid_Islande-150x85.jpg 150w\" sizes=\"(max-width: 586px) 100vw, 586px\" \/><\/figure>\n\n\n\n<p>Nous voici au pied d&rsquo;Her\u00f0ubrei\u00f0. Majestueuse montagne aux flancs marrons, bien plus chaotique de pr\u00e8s qu&rsquo;elle n&rsquo;y parait de loin.&nbsp; <\/p>\n\n\n\n<figure class=\"wp-block-image is-resized\"><img decoding=\"async\" loading=\"lazy\" src=\"http:\/\/www.carnets-dailleurs.com\/wp-content\/uploads\/2019\/01\/Flanc-Herdubreid_Islande.jpg\" alt=\"\" class=\"wp-image-1938\" width=\"583\" height=\"329\" srcset=\"https:\/\/www.carnets-dailleurs.com\/wp-content\/uploads\/2019\/01\/Flanc-Herdubreid_Islande.jpg 500w, https:\/\/www.carnets-dailleurs.com\/wp-content\/uploads\/2019\/01\/Flanc-Herdubreid_Islande-300x169.jpg 300w, https:\/\/www.carnets-dailleurs.com\/wp-content\/uploads\/2019\/01\/Flanc-Herdubreid_Islande-150x85.jpg 150w\" sizes=\"(max-width: 583px) 100vw, 583px\" \/><\/figure>\n\n\n\n<p>Nous devons maintenant la contourner. Ce sera long. La montagne est imposante, large. Tout autour, rien. Le vide, le n\u00e9ant. La lave.<\/p>\n\n\n\n<p>Y a quelqu&rsquo;un ??<\/p>\n\n\n\n<div class=\"wp-block-media-text alignwide\"><figure class=\"wp-block-media-text__media\"><img decoding=\"async\" loading=\"lazy\" width=\"422\" height=\"750\" src=\"http:\/\/www.carnets-dailleurs.com\/wp-content\/uploads\/2019\/01\/Sable-Herdubreid_Islande.jpg\" alt=\"\" class=\"wp-image-1939\" srcset=\"https:\/\/www.carnets-dailleurs.com\/wp-content\/uploads\/2019\/01\/Sable-Herdubreid_Islande.jpg 422w, https:\/\/www.carnets-dailleurs.com\/wp-content\/uploads\/2019\/01\/Sable-Herdubreid_Islande-169x300.jpg 169w, https:\/\/www.carnets-dailleurs.com\/wp-content\/uploads\/2019\/01\/Sable-Herdubreid_Islande-84x150.jpg 84w\" sizes=\"(max-width: 422px) 100vw, 422px\" \/><\/figure><div class=\"wp-block-media-text__content\">\n<p>Nous longeons encore un peu la montagne. Cette fois, la lave est remplac\u00e9e par un sable marron, parsem\u00e9 de petites pierres color\u00e9es : blanc, jaune, orange\u2026 <\/p>\n<\/div><\/div>\n\n\n\n<p>J&rsquo;ai faim. Nous avan\u00e7ons encore un peu et nous nous posons quelques instants pour manger. La pluie a cess\u00e9, il faut en profiter. De ce cot\u00e9 de la montagne, le sol est recouvert de pierres et de petits rochers. Finalement, quelle vari\u00e9t\u00e9 dans ce d\u00e9sert de lave ! <\/p>\n\n\n\n<div class=\"wp-block-media-text alignwide\"><figure class=\"wp-block-media-text__media\"><img decoding=\"async\" loading=\"lazy\" width=\"422\" height=\"750\" src=\"http:\/\/www.carnets-dailleurs.com\/wp-content\/uploads\/2019\/01\/Askja_Islande.jpg\" alt=\"\" class=\"wp-image-1940\" srcset=\"https:\/\/www.carnets-dailleurs.com\/wp-content\/uploads\/2019\/01\/Askja_Islande.jpg 422w, https:\/\/www.carnets-dailleurs.com\/wp-content\/uploads\/2019\/01\/Askja_Islande-169x300.jpg 169w, https:\/\/www.carnets-dailleurs.com\/wp-content\/uploads\/2019\/01\/Askja_Islande-84x150.jpg 84w\" sizes=\"(max-width: 422px) 100vw, 422px\" \/><\/figure><div class=\"wp-block-media-text__content\">\n<p>Au loin, sombres et myst\u00e9rieux, les contre-forts d&rsquo;Askja\u2026  <\/p>\n<\/div><\/div>\n\n\n\n<p>Je suis un peu fatigu\u00e9e : mon sac est vraiment lourd, je peine un peu \u00e0 avancer. La mise en jambe du premier jour, \u00e7a ira mieux demain.<\/p>\n\n\n\n<p>Nous repartons et finissons de contourner la montagne. De nouveau du sable, de nouveau des pierres puis une \u00e9tendue de lave plus compacte. Et pour finir, un immense champ de lave. La coul\u00e9e est impressionnante, tr\u00e8s haute. C&rsquo;est une succession de petites collines. Dingue\u2026 Je commence \u00e0 prendre conscience de la force des \u00e9l\u00e9ments ici\u2026 \u00c7a a d\u00fb bien cracher \u00e0 une \u00e9poque !!<\/p>\n\n\n\n<p>Her\u00f0ubrei\u00f0&nbsp;est maintenant derri\u00e8re nous. Le Vatnaj\u00f6kull un peu plus sur la gauche\u2026<\/p>\n\n\n\n<figure class=\"wp-block-image is-resized\"><img decoding=\"async\" loading=\"lazy\" src=\"http:\/\/www.carnets-dailleurs.com\/wp-content\/uploads\/2019\/01\/Vatnajokull_Islande.jpg\" alt=\"\" class=\"wp-image-1941\" width=\"589\" height=\"323\" srcset=\"https:\/\/www.carnets-dailleurs.com\/wp-content\/uploads\/2019\/01\/Vatnajokull_Islande.jpg 500w, https:\/\/www.carnets-dailleurs.com\/wp-content\/uploads\/2019\/01\/Vatnajokull_Islande-300x164.jpg 300w, https:\/\/www.carnets-dailleurs.com\/wp-content\/uploads\/2019\/01\/Vatnajokull_Islande-150x82.jpg 150w\" sizes=\"(max-width: 589px) 100vw, 589px\" \/><\/figure>\n\n\n\n<p>puis Askja. Et face \u00e0 nous, Br\u00e6\u00f0rafell. Notre point d&rsquo;arriv\u00e9e. C&rsquo;est encore loin\u2026 <\/p>\n\n\n\n<figure class=\"wp-block-image is-resized\"><img decoding=\"async\" loading=\"lazy\" src=\"http:\/\/www.carnets-dailleurs.com\/wp-content\/uploads\/2019\/01\/Braedafell_Islande.jpg\" alt=\"\" class=\"wp-image-1942\" width=\"586\" height=\"331\" srcset=\"https:\/\/www.carnets-dailleurs.com\/wp-content\/uploads\/2019\/01\/Braedafell_Islande.jpg 500w, https:\/\/www.carnets-dailleurs.com\/wp-content\/uploads\/2019\/01\/Braedafell_Islande-300x169.jpg 300w, https:\/\/www.carnets-dailleurs.com\/wp-content\/uploads\/2019\/01\/Braedafell_Islande-150x85.jpg 150w\" sizes=\"(max-width: 586px) 100vw, 586px\" \/><\/figure>\n\n\n\n<p>Cette fois, il pleut des cordes. A nos pied, des flaques d&rsquo;eau se forment dans la lave. Nous enjambons les cuvettes. A nouveau ce paysage lunaire et irr\u00e9el. C&rsquo;est noir mais superbe. Tel que je me l&rsquo;\u00e9tais imagin\u00e9.<\/p>\n\n\n\n<p>La derni\u00e8re ligne droite est vraiment dure. On a mal aux pieds, le sac p\u00e8se de plus en plus sur les \u00e9paules. Tenir. La pluie se calme puis cesse. Enfin nous apercevons le refuge au loin. Un petit toit rouge au pied de la montagne.<\/p>\n\n\n\n<figure class=\"wp-block-image is-resized\"><img decoding=\"async\" loading=\"lazy\" src=\"http:\/\/www.carnets-dailleurs.com\/wp-content\/uploads\/2019\/01\/Braedafell_Islande-2.jpg\" alt=\"\" class=\"wp-image-1943\" width=\"586\" height=\"331\" srcset=\"https:\/\/www.carnets-dailleurs.com\/wp-content\/uploads\/2019\/01\/Braedafell_Islande-2.jpg 500w, https:\/\/www.carnets-dailleurs.com\/wp-content\/uploads\/2019\/01\/Braedafell_Islande-2-300x169.jpg 300w, https:\/\/www.carnets-dailleurs.com\/wp-content\/uploads\/2019\/01\/Braedafell_Islande-2-150x85.jpg 150w\" sizes=\"(max-width: 586px) 100vw, 586px\" \/><\/figure>\n\n\n\n<div class=\"wp-block-media-text alignwide\"><figure class=\"wp-block-media-text__media\"><img decoding=\"async\" loading=\"lazy\" width=\"422\" height=\"750\" src=\"http:\/\/www.carnets-dailleurs.com\/wp-content\/uploads\/2019\/01\/Refuge-Braedafell_Islande.jpg\" alt=\"\" class=\"wp-image-1944\" srcset=\"https:\/\/www.carnets-dailleurs.com\/wp-content\/uploads\/2019\/01\/Refuge-Braedafell_Islande.jpg 422w, https:\/\/www.carnets-dailleurs.com\/wp-content\/uploads\/2019\/01\/Refuge-Braedafell_Islande-169x300.jpg 169w, https:\/\/www.carnets-dailleurs.com\/wp-content\/uploads\/2019\/01\/Refuge-Braedafell_Islande-84x150.jpg 84w\" sizes=\"(max-width: 422px) 100vw, 422px\" \/><\/figure><div class=\"wp-block-media-text__content\">\n<p>Nous retrouvons des forces. Ah ! Nous pourrons bient\u00f4t poser notre barda ! Et nous y voici : le refuge de Br\u00e6\u00f0rafell !! <\/p>\n<\/div><\/div>\n\n\n\n<p>Un refuge &lsquo;basique\u2019 parait-il. Nous tirons les loquets, ouvrons la porte. Bonheur\u2026 Il est parfait. Le paradis apr\u00e8s cette longue journ\u00e9e de marche. Basique, oui. Il n&rsquo;y a que l&rsquo;essentiel. Mais pour nous aujourd&rsquo;hui, le moindre petit bout de confort est un luxe. Un r\u00e9chaud avec du gaz pour cuisiner. Un petit po\u00eale pour se chauffer. Quelques couvertures sur les lits et\u2026. des oreillers !!! Nous sortons, faisons le tour du refuge pour aller chercher de l&rsquo;eau. Et l\u00e0, de chaque cot\u00e9 du b\u00e2timent, deux bidons remplis \u00e0 ras bord !!! <\/p>\n\n\n\n<figure class=\"wp-block-image is-resized\"><img decoding=\"async\" loading=\"lazy\" src=\"http:\/\/www.carnets-dailleurs.com\/wp-content\/uploads\/2019\/01\/Refuge-Braedafell_Islande-2.jpg\" alt=\"\" class=\"wp-image-1945\" width=\"586\" height=\"331\" srcset=\"https:\/\/www.carnets-dailleurs.com\/wp-content\/uploads\/2019\/01\/Refuge-Braedafell_Islande-2.jpg 500w, https:\/\/www.carnets-dailleurs.com\/wp-content\/uploads\/2019\/01\/Refuge-Braedafell_Islande-2-300x169.jpg 300w, https:\/\/www.carnets-dailleurs.com\/wp-content\/uploads\/2019\/01\/Refuge-Braedafell_Islande-2-150x85.jpg 150w\" sizes=\"(max-width: 586px) 100vw, 586px\" \/><\/figure>\n\n\n\n<p>Et dire qu&rsquo;on a port\u00e9 toute cette eau alors que ce n&rsquo;\u00e9tait pas indispensable\u2026 Nous allons chercher de grandes casseroles pour les remplir et avoir de l&rsquo;eau fraiche pour cuisiner ce soir. Les bidons sont gros et plein : impossible de les soulever ! Je vais chercher une louche dans le refuge. Trop grosse, elle ne rentre pas dans le bidon. Toute cette eau que l&rsquo;on ne peut pas r\u00e9cup\u00e9rer\u2026 Il va falloir ruser. Edwige tient la casserole tandis que je donne des coups secs sur le bidon pour en faire sortir l&rsquo;eau par \u00e0 coup, \u00e0 d\u00e9faut de pouvoir la d\u00e9verser en penchant le bidon. \u00c7a marche. Je m&rsquo;arrose un peu le pantalon mais nous arrivons finalement \u00e0 remplir la casserole et m\u00eame \u00e0 pencher le bidon \u00e0 la fin.<\/p>\n\n\n\n<div class=\"wp-block-media-text alignwide\"><figure class=\"wp-block-media-text__media\"><img decoding=\"async\" loading=\"lazy\" width=\"500\" height=\"750\" src=\"http:\/\/www.carnets-dailleurs.com\/wp-content\/uploads\/2019\/01\/Interieur-Refuge-Braedafell_Islande.jpg\" alt=\"\" class=\"wp-image-1946\" srcset=\"https:\/\/www.carnets-dailleurs.com\/wp-content\/uploads\/2019\/01\/Interieur-Refuge-Braedafell_Islande.jpg 500w, https:\/\/www.carnets-dailleurs.com\/wp-content\/uploads\/2019\/01\/Interieur-Refuge-Braedafell_Islande-200x300.jpg 200w, https:\/\/www.carnets-dailleurs.com\/wp-content\/uploads\/2019\/01\/Interieur-Refuge-Braedafell_Islande-100x150.jpg 100w\" sizes=\"(max-width: 500px) 100vw, 500px\" \/><\/figure><div class=\"wp-block-media-text__content\">\n<p>Nous rentrons dans le refuge. Il fait frais, nous allumons le po\u00eale. A notre disposition des journaux, un sac rempli de petits bois. Le feu part vite et la chaleur se r\u00e9pand rapidement dans la pi\u00e8ce. Nous \u00e9talons nos affaires pour les faire s\u00e9cher, accrochons nos v\u00eatements mouill\u00e9s au-dessus du po\u00eale. <\/p>\n<\/div><\/div>\n\n\n\n<p>J&rsquo;ai l&rsquo;impression d&rsquo;\u00eatre au paradis ! Entre la nuit bien fra\u00eeche \u00e0 Myvatn et la pluie de cet apr\u00e8s-midi, cela fait du bien d&rsquo;\u00eatre au chaud !<\/p>\n\n\n\n<p>Ap\u00e9ro cognac. R\u00e9confort apr\u00e8s l&rsquo;effort.<\/p>\n\n\n\n<figure class=\"wp-block-image is-resized\"><img decoding=\"async\" loading=\"lazy\" src=\"http:\/\/www.carnets-dailleurs.com\/wp-content\/uploads\/2019\/01\/Apero-Braedafell_Islande.jpg\" alt=\"\" class=\"wp-image-1947\" width=\"586\" height=\"391\" srcset=\"https:\/\/www.carnets-dailleurs.com\/wp-content\/uploads\/2019\/01\/Apero-Braedafell_Islande.jpg 500w, https:\/\/www.carnets-dailleurs.com\/wp-content\/uploads\/2019\/01\/Apero-Braedafell_Islande-300x200.jpg 300w, https:\/\/www.carnets-dailleurs.com\/wp-content\/uploads\/2019\/01\/Apero-Braedafell_Islande-150x100.jpg 150w\" sizes=\"(max-width: 586px) 100vw, 586px\" \/><figcaption><em>Photo Edwige<\/em><\/figcaption><\/figure>\n\n\n\n<div class=\"wp-block-media-text alignwide\"><figure class=\"wp-block-media-text__media\"><img decoding=\"async\" loading=\"lazy\" width=\"500\" height=\"750\" src=\"http:\/\/www.carnets-dailleurs.com\/wp-content\/uploads\/2019\/01\/Cuisine-Braedafell_Islande.jpg\" alt=\"\" class=\"wp-image-1948\" srcset=\"https:\/\/www.carnets-dailleurs.com\/wp-content\/uploads\/2019\/01\/Cuisine-Braedafell_Islande.jpg 500w, https:\/\/www.carnets-dailleurs.com\/wp-content\/uploads\/2019\/01\/Cuisine-Braedafell_Islande-200x300.jpg 200w, https:\/\/www.carnets-dailleurs.com\/wp-content\/uploads\/2019\/01\/Cuisine-Braedafell_Islande-100x150.jpg 100w\" sizes=\"(max-width: 500px) 100vw, 500px\" \/><\/figure><div class=\"wp-block-media-text__content\">\n<p>Pr\u00e9paration du diner. Soupe, p\u00e2tes, chocolat.  <\/p>\n<\/div><\/div>\n\n\n\n<p>Dehors, le ciel s&rsquo;est d\u00e9gag\u00e9 au-dessus d&rsquo;Her\u00f0ubrei\u00f0&nbsp;et d&rsquo;Askja. Nous restons un peu dehors pour admirer le paysage. Je n&rsquo;en reviens pas, cet endroit est tellement irr\u00e9el ! Et beau\u2026 paisible\u2026 du moins en apparence\u2026 N&rsquo;oublions pas que nous sommes sur un champ de lave, \u00e0 deux pas des volcans\u2026<\/p>\n\n\n\n<p>Retour dans le refuge. Il est vraiment agr\u00e9able, on resterait bien une semaine ici, m\u00eame si nous sommes loin de tout. Ici, le ravitaillement en gaz, bois, etc\u2026 se fait en motoneige l&rsquo;hiver ou&nbsp; \u00e0 dos d&rsquo;homme l&rsquo;\u00e9t\u00e9. Mieux vaut ne rien oublier et il faut ensuite savoir \u00eatre \u00e9conome.<\/p>\n\n\n\n<p>Demain, nous partons pour Dreki. Nous arriverons alors au pied d&rsquo;Askja\u2026 Cette fois, le refuge sera accessible par une piste, nous risquons donc de croiser des touristes. Mais je suis quasiment certaine d&rsquo;une chose : nous seront les deux seule barjots \u00e0 marcher.<\/p>\n\n\n\n<h2 class=\"wp-block-heading\">Photos de la journ\u00e9e<\/h2>\n\n\n\n\n","protected":false},"excerpt":{"rendered":"<p>Il est t\u00f4t. \u00c7a discute dehors. 6h30. Vraiment t\u00f4t. Mais motiv\u00e9e !&nbsp;Hop ! Je me l\u00e8ve, fais chauffer l&rsquo;eau pour un caf\u00e9. Il a fait froid cette nuit et il fait encore froid ce matin. Je commence \u00e0 ranger mes affaires dans mon sac. Je sors de la tente, la&#8230;<\/p>\n<p> <a class=\"continue-reading-link\" href=\"https:\/\/www.carnets-dailleurs.com\/index.php\/2019\/01\/11\/21-aout-2013-braedrafell-sur-les-traces-darmstrong\/\"><span>Lire la suite<\/span><i class=\"crycon-right-dir\"><\/i><\/a> <\/p>\n","protected":false},"author":1,"featured_media":0,"comment_status":"open","ping_status":"open","sticky":false,"template":"","format":"standard","meta":{"_mi_skip_tracking":false},"categories":[23],"tags":[],"_links":{"self":[{"href":"https:\/\/www.carnets-dailleurs.com\/index.php\/wp-json\/wp\/v2\/posts\/1931"}],"collection":[{"href":"https:\/\/www.carnets-dailleurs.com\/index.php\/wp-json\/wp\/v2\/posts"}],"about":[{"href":"https:\/\/www.carnets-dailleurs.com\/index.php\/wp-json\/wp\/v2\/types\/post"}],"author":[{"embeddable":true,"href":"https:\/\/www.carnets-dailleurs.com\/index.php\/wp-json\/wp\/v2\/users\/1"}],"replies":[{"embeddable":true,"href":"https:\/\/www.carnets-dailleurs.com\/index.php\/wp-json\/wp\/v2\/comments?post=1931"}],"version-history":[{"count":2,"href":"https:\/\/www.carnets-dailleurs.com\/index.php\/wp-json\/wp\/v2\/posts\/1931\/revisions"}],"predecessor-version":[{"id":1969,"href":"https:\/\/www.carnets-dailleurs.com\/index.php\/wp-json\/wp\/v2\/posts\/1931\/revisions\/1969"}],"wp:attachment":[{"href":"https:\/\/www.carnets-dailleurs.com\/index.php\/wp-json\/wp\/v2\/media?parent=1931"}],"wp:term":[{"taxonomy":"category","embeddable":true,"href":"https:\/\/www.carnets-dailleurs.com\/index.php\/wp-json\/wp\/v2\/categories?post=1931"},{"taxonomy":"post_tag","embeddable":true,"href":"https:\/\/www.carnets-dailleurs.com\/index.php\/wp-json\/wp\/v2\/tags?post=1931"}],"curies":[{"name":"wp","href":"https:\/\/api.w.org\/{rel}","templated":true}]}}