{"id":2016,"date":"2019-01-13T21:52:42","date_gmt":"2019-01-13T20:52:42","guid":{"rendered":"http:\/\/www.carnets-dailleurs.com\/?p=2016"},"modified":"2020-12-17T10:06:33","modified_gmt":"2020-12-17T09:06:33","slug":"23-aout-2013-au-coeur-daksja","status":"publish","type":"post","link":"https:\/\/www.carnets-dailleurs.com\/index.php\/2019\/01\/13\/23-aout-2013-au-coeur-daksja\/","title":{"rendered":"23 ao\u00fbt 2013 &#8211; Au coeur d&rsquo;Aksja"},"content":{"rendered":"\n<p>Ciel brumeux et fine pluie\u2026 Voil\u00e0 ce que nous d\u00e9couvrons au r\u00e9veil. \u00c7a tombe mal\u2026 mais cela peut encore changer. Les jours pr\u00e9c\u00e9dents, nous avons vu les sommets d&rsquo;Askja se couvrir et se d\u00e9couvrir dans une seule et m\u00eame journ\u00e9e. Restons optimistes.<\/p>\n\n\n\n<p>Nous prenons nos affaires et essayons de descendre en faisant le moins de bruit possible pour \u00e9viter de r\u00e9veiller tout le dortoir. Ceci dit, nous ne sommes pas les seules \u00e0 nous lever t\u00f4t et tout le monde n&rsquo;est pas forc\u00e9ment discret. Nous d\u00e9jeunons, pr\u00e9parons les en-cas, faisons le plein d&rsquo;eau\u2026 Bref notre rituel de tous les jours.<\/p>\n\n\n\n<p>Edwige est soucieuse\u2026 Avec cette brume, est-ce bien prudent de partir ? Si cela ne s&rsquo;am\u00e9liore pas, nous irons demander conseil aux gardiens. Attendons la fin du petit d\u00e9jeuner pour aviser.<br><\/p>\n\n\n\n<p>Nous ne voulons pas prendre cette \u00e9tape \u00e0 la l\u00e9g\u00e8re. Aujourd&rsquo;hui , nous allons p\u00e9n\u00e9trer au c\u0153ur d&rsquo;Aksja, longer la cr\u00eate, traverser les caldeiras, passer le col de J\u00f3nsskar\u00f0 pour enfin redescendre dans la vall\u00e9e. Une \u00e9tape pas plus longue que les autres, 21km, mais qui s&rsquo;annonce quand m\u00eame plus difficile de part le d\u00e9nivel\u00e9 et le terrain.<\/p>\n\n\n\n<p>Nous sortons et chargeons nos gros sacs : c&rsquo;est le d\u00e9part ! Petit coup d\u2019\u0153il sur le ciel : la pluie s&rsquo;est arr\u00eat\u00e9e au moment o\u00f9 nous sommes sorties et la brume commence \u00e0 se dissiper. Un signe\u2026 ? Sur le passage, petit coup d\u2019\u0153il \u00e0 Drekagil&nbsp;sur la gauche. Nous n&rsquo;avons m\u00eame pas pris le temps d&rsquo;aller voir de plus pr\u00e8s. Et l\u00e0, on ne peut pas tra\u00eener. Tant pis !<br><\/p>\n\n\n\n<figure class=\"wp-block-image is-resized\"><img decoding=\"async\" loading=\"lazy\" src=\"http:\/\/www.carnets-dailleurs.com\/wp-content\/uploads\/2019\/01\/Askja_Drekagil.jpg\" alt=\"\" class=\"wp-image-2017\" width=\"586\" height=\"331\" srcset=\"https:\/\/www.carnets-dailleurs.com\/wp-content\/uploads\/2019\/01\/Askja_Drekagil.jpg 500w, https:\/\/www.carnets-dailleurs.com\/wp-content\/uploads\/2019\/01\/Askja_Drekagil-300x169.jpg 300w, https:\/\/www.carnets-dailleurs.com\/wp-content\/uploads\/2019\/01\/Askja_Drekagil-150x85.jpg 150w\" sizes=\"(max-width: 586px) 100vw, 586px\" \/><\/figure>\n\n\n\n<p>Nous passons devant le b\u00e2timent des gardiens. A la porte, celui que nous avons vu \u00e0&nbsp;Her\u00f0ubrei\u00f0. Nous le saluons. Pas s\u00fbre qu&rsquo;il se souvienne de nous\u2026 A cot\u00e9, la cabane des secouristes\u2026<br><\/p>\n\n\n\n<figure class=\"wp-block-image is-resized\"><img decoding=\"async\" loading=\"lazy\" src=\"http:\/\/www.carnets-dailleurs.com\/wp-content\/uploads\/2019\/01\/Secouristes-Dreki.jpg\" alt=\"\" class=\"wp-image-2018\" width=\"586\" height=\"301\" srcset=\"https:\/\/www.carnets-dailleurs.com\/wp-content\/uploads\/2019\/01\/Secouristes-Dreki.jpg 500w, https:\/\/www.carnets-dailleurs.com\/wp-content\/uploads\/2019\/01\/Secouristes-Dreki-300x154.jpg 300w, https:\/\/www.carnets-dailleurs.com\/wp-content\/uploads\/2019\/01\/Secouristes-Dreki-150x77.jpg 150w\" sizes=\"(max-width: 586px) 100vw, 586px\" \/><\/figure>\n\n\n\n<p>\u2026 et nous voici face au chemin qui monte et s&rsquo;enfonce dans l&rsquo;antre de la b\u00eate\u2026 <\/p>\n\n\n\n<figure class=\"wp-block-image is-resized\"><img decoding=\"async\" loading=\"lazy\" src=\"http:\/\/www.carnets-dailleurs.com\/wp-content\/uploads\/2019\/01\/Chemin-montee-Askja.jpg\" alt=\"\" class=\"wp-image-2019\" width=\"586\" height=\"331\" srcset=\"https:\/\/www.carnets-dailleurs.com\/wp-content\/uploads\/2019\/01\/Chemin-montee-Askja.jpg 500w, https:\/\/www.carnets-dailleurs.com\/wp-content\/uploads\/2019\/01\/Chemin-montee-Askja-300x169.jpg 300w, https:\/\/www.carnets-dailleurs.com\/wp-content\/uploads\/2019\/01\/Chemin-montee-Askja-150x85.jpg 150w\" sizes=\"(max-width: 586px) 100vw, 586px\" \/><\/figure>\n\n\n\n<p>A froid, la mont\u00e9e est raide ! Je m&rsquo;arr\u00eate \u00e0 mi-chemin, jette un \u0153il derri\u00e8re moi : la vue est splendide. On voit le vent qui soul\u00e8ve la poussi\u00e8re et cela donne l&rsquo;impression que la brume recouvre le camp de lave. On comprend mieux pourquoi nous \u00e9tions couvertes de poussi\u00e8re hier en arrivant. On ne se rendait pas compte sur le coup !<\/p>\n\n\n\n<p>Nous arrivons en haut. A droite, les montagnes sombres : l&rsquo;enfer.<\/p>\n\n\n\n<figure class=\"wp-block-image is-resized\"><img decoding=\"async\" loading=\"lazy\" src=\"http:\/\/www.carnets-dailleurs.com\/wp-content\/uploads\/2019\/01\/Askja-Montagne-noire.jpg\" alt=\"\" class=\"wp-image-2020\" width=\"585\" height=\"330\" srcset=\"https:\/\/www.carnets-dailleurs.com\/wp-content\/uploads\/2019\/01\/Askja-Montagne-noire.jpg 500w, https:\/\/www.carnets-dailleurs.com\/wp-content\/uploads\/2019\/01\/Askja-Montagne-noire-300x169.jpg 300w, https:\/\/www.carnets-dailleurs.com\/wp-content\/uploads\/2019\/01\/Askja-Montagne-noire-150x85.jpg 150w\" sizes=\"(max-width: 585px) 100vw, 585px\" \/><\/figure>\n\n\n\n<p>Face \u00e0 nous, des montagnes marrons, le sol couvert de pierres. <\/p>\n\n\n\n<figure class=\"wp-block-image is-resized\"><img decoding=\"async\" loading=\"lazy\" src=\"http:\/\/www.carnets-dailleurs.com\/wp-content\/uploads\/2019\/01\/Sol-pierres-Askja.jpg\" alt=\"\" class=\"wp-image-2021\" width=\"588\" height=\"332\" srcset=\"https:\/\/www.carnets-dailleurs.com\/wp-content\/uploads\/2019\/01\/Sol-pierres-Askja.jpg 500w, https:\/\/www.carnets-dailleurs.com\/wp-content\/uploads\/2019\/01\/Sol-pierres-Askja-300x169.jpg 300w, https:\/\/www.carnets-dailleurs.com\/wp-content\/uploads\/2019\/01\/Sol-pierres-Askja-150x85.jpg 150w\" sizes=\"(max-width: 588px) 100vw, 588px\" \/><\/figure>\n\n\n\n<p>Nous encha\u00eenons les mont\u00e9es mais elles sont nettement moins raides que la premi\u00e8re. Nous avons trouv\u00e9 notre rythme, avan\u00e7ons d&rsquo;un bon pas\u2026 et nous arr\u00eatons r\u00e9guli\u00e8rement : nous sommes \u00e9poustoufl\u00e9es par les paysages qui nous entourent. Nous croisons des blocs de lave, \u00e9normes, \u00e9parpill\u00e9s \u00e7a et l\u00e0. <\/p>\n\n\n\n<figure class=\"wp-block-image is-resized\"><img decoding=\"async\" loading=\"lazy\" src=\"http:\/\/www.carnets-dailleurs.com\/wp-content\/uploads\/2019\/01\/Bloc-Lave-Askja.jpg\" alt=\"\" class=\"wp-image-2022\" width=\"587\" height=\"331\" srcset=\"https:\/\/www.carnets-dailleurs.com\/wp-content\/uploads\/2019\/01\/Bloc-Lave-Askja.jpg 500w, https:\/\/www.carnets-dailleurs.com\/wp-content\/uploads\/2019\/01\/Bloc-Lave-Askja-300x169.jpg 300w, https:\/\/www.carnets-dailleurs.com\/wp-content\/uploads\/2019\/01\/Bloc-Lave-Askja-150x85.jpg 150w\" sizes=\"(max-width: 587px) 100vw, 587px\" \/><\/figure>\n\n\n\n<div class=\"wp-block-media-text alignwide\"><figure class=\"wp-block-media-text__media\"><img decoding=\"async\" loading=\"lazy\" width=\"422\" height=\"750\" src=\"http:\/\/www.carnets-dailleurs.com\/wp-content\/uploads\/2019\/01\/Chemin-Askja.jpg\" alt=\"\" class=\"wp-image-2023\" srcset=\"https:\/\/www.carnets-dailleurs.com\/wp-content\/uploads\/2019\/01\/Chemin-Askja.jpg 422w, https:\/\/www.carnets-dailleurs.com\/wp-content\/uploads\/2019\/01\/Chemin-Askja-169x300.jpg 169w, https:\/\/www.carnets-dailleurs.com\/wp-content\/uploads\/2019\/01\/Chemin-Askja-84x150.jpg 84w\" sizes=\"(max-width: 422px) 100vw, 422px\" \/><\/figure><div class=\"wp-block-media-text__content\">\n<p>D\u00e9sert. Hostile. On ne serait pas \u00e9tonn\u00e9e de voir sortir un pt\u00e9rodactyle de derri\u00e8re la montagne. La terre-m\u00e8re \u00e0 l&rsquo;\u00e9tat brut.  <\/p>\n<\/div><\/div>\n\n\n\n<p>Nous voici seules, au c\u0153ur des \u00e9l\u00e9ments. Encore plus que les jours pr\u00e9c\u00e9dents. Cette fois, nous prenons vraiment conscience de la force qui nous entoure. Et nous ne sommes pas au bout de nos surprises\u2026<\/p>\n\n\n\n<p>Petites, toutes petites ici. Et humble. Forc\u00e9ment.<\/p>\n\n\n\n<figure class=\"wp-block-image is-resized\"><img decoding=\"async\" loading=\"lazy\" src=\"http:\/\/www.carnets-dailleurs.com\/wp-content\/uploads\/2019\/01\/Edwige-Askja.jpg\" alt=\"\" class=\"wp-image-2024\" width=\"588\" height=\"332\" srcset=\"https:\/\/www.carnets-dailleurs.com\/wp-content\/uploads\/2019\/01\/Edwige-Askja.jpg 500w, https:\/\/www.carnets-dailleurs.com\/wp-content\/uploads\/2019\/01\/Edwige-Askja-300x169.jpg 300w, https:\/\/www.carnets-dailleurs.com\/wp-content\/uploads\/2019\/01\/Edwige-Askja-150x85.jpg 150w\" sizes=\"(max-width: 588px) 100vw, 588px\" \/><\/figure>\n\n\n\n<p>Derri\u00e8re nous, un peu plus loin, nous apercevons trois personnes qui suivent le m\u00eame chemin. On dirait les trois italiens qui \u00e9taient au refuge. Sans sacs. Ils partent uniquement pour la journ\u00e9e dirait-on.<\/p>\n\n\n\n<p>Le vent s&rsquo;est lev\u00e9. Nous marchons depuis un petit moment et d\u00e9cidons de faire une pause. Nous nous abritons derri\u00e8re un \u00e9norme bloc de lave noire. Les trois italiens arrivent \u00e0 notre niveau. Ils nous demandent si nous traversons les Highlands. Non, juste le \u00d6skjuvegur. Nous discutons 5 minutes et ils nous souhaitent bon voyage avant de continuer leur route.<\/p>\n\n\n\n<p>Nous leur emboitons la pas quelques instants plus tard. Cette fois, \u00e7a souffle bien. Capuche, plant\u00e9 de b\u00e2tons : nous bravons le vent.<br><\/p>\n\n\n\n<figure class=\"wp-block-image is-resized\"><img decoding=\"async\" loading=\"lazy\" src=\"http:\/\/www.carnets-dailleurs.com\/wp-content\/uploads\/2019\/01\/Carene-Askja.jpg\" alt=\"\" class=\"wp-image-2025\" width=\"586\" height=\"391\" srcset=\"https:\/\/www.carnets-dailleurs.com\/wp-content\/uploads\/2019\/01\/Carene-Askja.jpg 500w, https:\/\/www.carnets-dailleurs.com\/wp-content\/uploads\/2019\/01\/Carene-Askja-300x200.jpg 300w, https:\/\/www.carnets-dailleurs.com\/wp-content\/uploads\/2019\/01\/Carene-Askja-150x100.jpg 150w\" sizes=\"(max-width: 586px) 100vw, 586px\" \/><figcaption><em>Photo&nbsp;Edwige<\/em><\/figcaption><\/figure>\n\n\n\n<p>Nous arrivons sur une petite cr\u00eate. Le passage est encore plus venteux.&nbsp; Je perds un peu l&rsquo;\u00e9quilibre : entre le vent qui me pousse sur le cot\u00e9 et le poids du sac, je tr\u00e9buche. Je mets un genoux \u00e0 terre pour reprendre mon \u00e9quilibre et ce n&rsquo;est pas une bonne id\u00e9e : dur, dur de se relever.<\/p>\n\n\n\n<p>Mont\u00e9e. L&rsquo;avantage du vent, c&rsquo;est qu&rsquo;il nous pousse. Je m&rsquo;appuie contre lui et je me laisse porter. Rythme constant. Nous voici \u00e0 1300m ! Allez, \u00e7a vaut bien une photo !!<\/p>\n\n\n\n<figure class=\"wp-block-image is-resized\"><img decoding=\"async\" loading=\"lazy\" src=\"http:\/\/www.carnets-dailleurs.com\/wp-content\/uploads\/2019\/01\/Edwige-Carene.jpg\" alt=\"\" class=\"wp-image-2026\" width=\"583\" height=\"329\" srcset=\"https:\/\/www.carnets-dailleurs.com\/wp-content\/uploads\/2019\/01\/Edwige-Carene.jpg 500w, https:\/\/www.carnets-dailleurs.com\/wp-content\/uploads\/2019\/01\/Edwige-Carene-300x169.jpg 300w, https:\/\/www.carnets-dailleurs.com\/wp-content\/uploads\/2019\/01\/Edwige-Carene-150x85.jpg 150w\" sizes=\"(max-width: 583px) 100vw, 583px\" \/><\/figure>\n\n\n\n<p>On a le sourire. Nous pensons avoir fait une grosse partie du travail\u2026 On se&nbsp; trompe mais on ne le sait pas encore\u2026<\/p>\n\n\n\n<p>Encore quelques pas et au d\u00e9tour d&rsquo;une colline\u2026 \u00d6skjuvatn appara\u00eet !!<\/p>\n\n\n\n<figure class=\"wp-block-image is-resized\"><img decoding=\"async\" loading=\"lazy\" src=\"http:\/\/www.carnets-dailleurs.com\/wp-content\/uploads\/2019\/01\/Oskjuvatn.jpg\" alt=\"\" class=\"wp-image-2027\" width=\"587\" height=\"331\" srcset=\"https:\/\/www.carnets-dailleurs.com\/wp-content\/uploads\/2019\/01\/Oskjuvatn.jpg 500w, https:\/\/www.carnets-dailleurs.com\/wp-content\/uploads\/2019\/01\/Oskjuvatn-300x169.jpg 300w, https:\/\/www.carnets-dailleurs.com\/wp-content\/uploads\/2019\/01\/Oskjuvatn-150x85.jpg 150w\" sizes=\"(max-width: 587px) 100vw, 587px\" \/><\/figure>\n\n\n\n<p>Cette image, je l&rsquo;ai r\u00eav\u00e9e des centaines de fois mais la r\u00e9alit\u00e9 est bien au del\u00e0 de tout ce que j&rsquo;ai pu imaginer.&nbsp; Le lac, immense, s&rsquo;\u00e9tend devant nous, la surface est balay\u00e9e par le vent et l&rsquo;on devine de petites vagues. Nous profitons du spectacle quelques instants et commen\u00e7ons la descente. Nous allons longer la caldeira et le lac.<\/p>\n\n\n\n<div class=\"wp-block-media-text alignwide\"><figure class=\"wp-block-media-text__media\"><img decoding=\"async\" loading=\"lazy\" width=\"422\" height=\"750\" src=\"http:\/\/www.carnets-dailleurs.com\/wp-content\/uploads\/2019\/01\/Pierres-couleur-Askja.jpg\" alt=\"\" class=\"wp-image-2028\" srcset=\"https:\/\/www.carnets-dailleurs.com\/wp-content\/uploads\/2019\/01\/Pierres-couleur-Askja.jpg 422w, https:\/\/www.carnets-dailleurs.com\/wp-content\/uploads\/2019\/01\/Pierres-couleur-Askja-169x300.jpg 169w, https:\/\/www.carnets-dailleurs.com\/wp-content\/uploads\/2019\/01\/Pierres-couleur-Askja-84x150.jpg 84w\" sizes=\"(max-width: 422px) 100vw, 422px\" \/><\/figure><div class=\"wp-block-media-text__content\">\n<p>Autour de nous, des pierres de toutes les couleurs jonchent le sol, comme tomb\u00e9es du ciel\u2026 <\/p>\n<\/div><\/div>\n\n\n\n<p>\u2026 ainsi que quelques timides traces de mousse et de lichens ici et l\u00e0.<\/p>\n\n\n\n<p>Nous suivons le chemin. Devant nous, une petite \u00e9tendue de neige. Cela nous fais forc\u00e9ment penser \u00e0 celles que nous avons crois\u00e9es l&rsquo;ann\u00e9e derni\u00e8re en Hornstrandir. Enfin, \u00e0 l&rsquo;une d&rsquo;entre elle en particulier, o\u00f9 certaines d&rsquo;entre nous ont test\u00e9 la glissade sous toutes ses formes\u2026 Je d\u00e9cide de l&rsquo;\u00e9viter en le contournant. Je cors un peu du chemin et avance. C&rsquo;est en pente et je me retrouve \u00e0 marcher dans les pierres ponces et autres d\u00e9bris de lave. A peine sortie du chemin, je ne sais pas ce que je fais au juste &#8211; ai-je pos\u00e9 mon pied de travers\u2026 ?- je sens que je perds l&rsquo;\u00e9quilibre. Et l\u00e0, alors que je n&rsquo;ai pas vraiment l&rsquo;impression que je vais tomber, je me penche, je m&rsquo;affaisse\u2026 et m&rsquo;\u00e9tale tout doucement de tout mon long dans les pierres, un peu aid\u00e9e par mon sac. Je n&rsquo;ai rien vu venir ! Edwige est un peu \u00e9tonn\u00e9e\u2026 Aucune difficult\u00e9 \u00e0 cet endroit, c&rsquo;est incompr\u00e9hensible\u2026 ! En effet. Je me suis un peu \u00e9gratign\u00e9e la main, rien de tr\u00e8s m\u00e9chant. \u00c7a me fait surtout rigoler.<\/p>\n\n\n\n<p>Nous continuons de longer la caldeira et sentons comme une petite odeur de souffre\u2026 Un peu plus loin sur la droite, nous d\u00e9couvrons une zone de solfatare. La fum\u00e9e, voil\u00e0 donc d&rsquo;o\u00f9 venait cette odeur et cette chaleur qui nous enveloppe tout \u00e0 coup\u2026 Apr\u00e8s avoir travers\u00e9 une zone lunaire et d\u00e9ambul\u00e9 au milieu de paysages sombres, enfin quelques touches de couleurs jaune et rouge.<\/p>\n\n\n\n<figure class=\"wp-block-image is-resized\"><img decoding=\"async\" loading=\"lazy\" src=\"http:\/\/www.carnets-dailleurs.com\/wp-content\/uploads\/2019\/01\/Solfatars-Askja.jpg\" alt=\"\" class=\"wp-image-2029\" width=\"586\" height=\"331\" srcset=\"https:\/\/www.carnets-dailleurs.com\/wp-content\/uploads\/2019\/01\/Solfatars-Askja.jpg 500w, https:\/\/www.carnets-dailleurs.com\/wp-content\/uploads\/2019\/01\/Solfatars-Askja-300x169.jpg 300w, https:\/\/www.carnets-dailleurs.com\/wp-content\/uploads\/2019\/01\/Solfatars-Askja-150x85.jpg 150w\" sizes=\"(max-width: 586px) 100vw, 586px\" \/><\/figure>\n\n\n\n<p>Nous passons en-dessous et arrivons cette fois dans une zone ou se m\u00ealent le rouge et le noir. Un noir intense : le contraste est \u00e9norme, l&rsquo;endroit assez lugubre. Nous traversons une coul\u00e9e de lave plus r\u00e9cente on dirait\u2026 <\/p>\n\n\n\n<figure class=\"wp-block-image is-resized\"><img decoding=\"async\" loading=\"lazy\" src=\"http:\/\/www.carnets-dailleurs.com\/wp-content\/uploads\/2019\/01\/Contrastes-Oskjuvatn.jpg\" alt=\"\" class=\"wp-image-2030\" width=\"590\" height=\"394\" srcset=\"https:\/\/www.carnets-dailleurs.com\/wp-content\/uploads\/2019\/01\/Contrastes-Oskjuvatn.jpg 500w, https:\/\/www.carnets-dailleurs.com\/wp-content\/uploads\/2019\/01\/Contrastes-Oskjuvatn-300x200.jpg 300w, https:\/\/www.carnets-dailleurs.com\/wp-content\/uploads\/2019\/01\/Contrastes-Oskjuvatn-150x100.jpg 150w\" sizes=\"(max-width: 590px) 100vw, 590px\" \/><figcaption><em>Photo&nbsp;Edwige<\/em><\/figcaption><\/figure>\n\n\n\n<p>Autour de nous, toujours ces silhouettes p\u00e9trifi\u00e9es, ces fant\u00f4mes sortis tout droit d&rsquo;un autre monde. <\/p>\n\n\n\n<figure class=\"wp-block-image is-resized\"><img decoding=\"async\" loading=\"lazy\" src=\"http:\/\/www.carnets-dailleurs.com\/wp-content\/uploads\/2019\/01\/Statues-Lave-Askja.jpg\" alt=\"\" class=\"wp-image-2031\" width=\"584\" height=\"390\" srcset=\"https:\/\/www.carnets-dailleurs.com\/wp-content\/uploads\/2019\/01\/Statues-Lave-Askja.jpg 500w, https:\/\/www.carnets-dailleurs.com\/wp-content\/uploads\/2019\/01\/Statues-Lave-Askja-300x200.jpg 300w, https:\/\/www.carnets-dailleurs.com\/wp-content\/uploads\/2019\/01\/Statues-Lave-Askja-150x100.jpg 150w\" sizes=\"(max-width: 584px) 100vw, 584px\" \/><figcaption><em>Photo&nbsp;Edwige<\/em><\/figcaption><\/figure>\n\n\n\n<p>Nous abordons une descente un peu raide. Le sol n&rsquo;est est sableux, nous prenons notre temps pour poser correctement nos pieds et \u00e9viter de glisser. Avec le sac qui nous pousse, ce n&rsquo;est pas forc\u00e9ment \u00e9vident et il vaut mieux prendre son temps : en-dessous, la marche est un peu haute. Plant\u00e9 de b\u00e2ton, un brin de vigilance et \u00e7a passe.<\/p>\n\n\n\n<p>Devant nous, on devine V\u00edti. Les trois italiens reviennent en sens inverse et s&rsquo;arr\u00eatent \u00e0 nouveau. Ils sont all\u00e9s jusque&nbsp;V\u00edti&nbsp;et se sont baign\u00e9s dedans. C&rsquo;est aussi ce que nous souhaitons faire, m\u00eame s&rsquo;il y a pas mal de vent. A ce moment, je me souviens avoir bien rang\u00e9 ma serviette tout au fond de mon sac\u2026 Riche id\u00e9e\u2026<\/p>\n\n\n\n<p>Rapidement ensuite&nbsp;V\u00edti&nbsp;apparait. Un peu plus sur la droite, les touristes aussi font leur apparition. La site est accessible en voiture, le parking est un peu plus bas. Choc entre deux mondes : nous voici avec nos gros sacs, arrivant par le bas et tous ces touristes en haut\u2026 qui du coup se mettent \u00e0 descendre en nous voyant, pour s&rsquo;approcher du crat\u00e8re. Chauss\u00e9s de baskets de ville, sur la neige. Ils n&rsquo;ont pas remarqu\u00e9 qu&rsquo;on n&rsquo;avait pas tout \u00e0 fait le m\u00eame \u00e9quipement qu&rsquo;eux et que nous n&rsquo;arrivions pas non plus du m\u00eame cot\u00e9\u2026 Ils ne semblent pas non plus conscients que leurs chaussures n&rsquo;accrochent rien sur la neige (la nana fait de tous petits pas en essayant tant bien que mal de garder l&rsquo;\u00e9quilibre) et que s&rsquo;ils glissent, la pente les am\u00e8nera directement au bas de V\u00edti. Baignade assur\u00e9e !<br><\/p>\n\n\n\n<p>V\u00edti\u2026 le voici sous nos yeux. Ses parois marrons, son eau bleue, laiteuse\u2026<\/p>\n\n\n\n<figure class=\"wp-block-image is-resized\"><img decoding=\"async\" loading=\"lazy\" src=\"http:\/\/www.carnets-dailleurs.com\/wp-content\/uploads\/2019\/01\/Viti_Askja.jpg\" alt=\"\" class=\"wp-image-2032\" width=\"589\" height=\"393\" srcset=\"https:\/\/www.carnets-dailleurs.com\/wp-content\/uploads\/2019\/01\/Viti_Askja.jpg 500w, https:\/\/www.carnets-dailleurs.com\/wp-content\/uploads\/2019\/01\/Viti_Askja-300x200.jpg 300w, https:\/\/www.carnets-dailleurs.com\/wp-content\/uploads\/2019\/01\/Viti_Askja-150x100.jpg 150w\" sizes=\"(max-width: 589px) 100vw, 589px\" \/><figcaption><em>Photo&nbsp;Edwige<\/em><\/figcaption><\/figure>\n\n\n\n<p>Et ses pentes raides\u2026 tr\u00e8s raides ! Nous rep\u00e9rons l&rsquo;endroit o\u00f9 l&rsquo;on peut descendre mais c&rsquo;est quand m\u00eame tr\u00e8s inclin\u00e9 cette affaire\u2026 Le vent souffle aussi assez fort. Et quand je vois que la nana en basket est descendue en voyant qu&rsquo;on \u00e9tait plus bas, je me dis qu&rsquo;elle est capable de nous suivre dans la pente avec ses petites chaussures. Les conditions ne sont pas vraiment r\u00e9unies pour qu&rsquo;on aille se baigner\u2026 Aller barboter avec tous ces spectateurs, je vais m&rsquo;en passer. Edwige n&rsquo;est pas emball\u00e9e non plus. On renonce \u00e0 descendre.<br>Nous voulons nous poser pour manger un morceau mais nous sommes en plein vent. Du coup, nous d\u00e9cidons de continuer un peu notre route et de nous diriger vers le parking. Sur le chemin, nous croisons pas mal de touristes qui nous regardent un peu interloqu\u00e9s\u2026<\/p>\n\n\n\n<p>Nous traversons une grande \u00e9tendue noire, m\u00e9lange de sable et de scories. Autour de nous, quelques touches de couleurs : jaune d&rsquo;un cot\u00e9\u2026<\/p>\n\n\n\n<figure class=\"wp-block-image is-resized\"><img decoding=\"async\" loading=\"lazy\" src=\"http:\/\/www.carnets-dailleurs.com\/wp-content\/uploads\/2019\/01\/Sable-scories-Askja.jpg\" alt=\"\" class=\"wp-image-2033\" width=\"583\" height=\"329\" srcset=\"https:\/\/www.carnets-dailleurs.com\/wp-content\/uploads\/2019\/01\/Sable-scories-Askja.jpg 500w, https:\/\/www.carnets-dailleurs.com\/wp-content\/uploads\/2019\/01\/Sable-scories-Askja-300x169.jpg 300w, https:\/\/www.carnets-dailleurs.com\/wp-content\/uploads\/2019\/01\/Sable-scories-Askja-150x85.jpg 150w\" sizes=\"(max-width: 583px) 100vw, 583px\" \/><\/figure>\n\n\n\n<p>\u2026 rouge en face de nous\u2026 <\/p>\n\n\n\n<figure class=\"wp-block-image is-resized\"><img decoding=\"async\" loading=\"lazy\" src=\"http:\/\/www.carnets-dailleurs.com\/wp-content\/uploads\/2019\/01\/Sol-rouge-Askja.jpg\" alt=\"\" class=\"wp-image-2034\" width=\"587\" height=\"392\" srcset=\"https:\/\/www.carnets-dailleurs.com\/wp-content\/uploads\/2019\/01\/Sol-rouge-Askja.jpg 500w, https:\/\/www.carnets-dailleurs.com\/wp-content\/uploads\/2019\/01\/Sol-rouge-Askja-300x200.jpg 300w, https:\/\/www.carnets-dailleurs.com\/wp-content\/uploads\/2019\/01\/Sol-rouge-Askja-150x100.jpg 150w\" sizes=\"(max-width: 587px) 100vw, 587px\" \/><figcaption><em>Photo&nbsp;Edwige<\/em><\/figcaption><\/figure>\n\n\n\n<p>Le vent souffle en rafale et nous nous prenons quelques bonne gicl\u00e9es de cailloux qui cinglent comme il faut. Arr\u00eat juste avant le parking pour d\u00e9jeuner. Nous trouvons un endroit un peu en retrait, derri\u00e8re un bloc de lave, \u00e0 l&rsquo;abri des touristes et du vent. Enfin presque\u2026 Cela n&rsquo;arr\u00eate pas compl\u00e8tement les rafales de vent et les gicl\u00e9es de cailloux : nos sandwichs sont croustillants \u00e0 souhait\u2026<\/p>\n\n\n\n<p>Nous ne nous arr\u00eatons pas tr\u00e8s longtemps car nous avons encore un bon bout de chemin \u00e0 faire avant d&rsquo;arriver au refuge. Nous voulons aussi profiter du temps relativement d\u00e9gag\u00e9 pour passer le col de J\u00f3nsskar\u00f0.<\/p>\n\n\n\n<div class=\"wp-block-media-text alignwide\"><figure class=\"wp-block-media-text__media\"><img decoding=\"async\" loading=\"lazy\" width=\"422\" height=\"750\" src=\"http:\/\/www.carnets-dailleurs.com\/wp-content\/uploads\/2019\/01\/Enchevetrement-lave-Askja.jpg\" alt=\"\" class=\"wp-image-2035\" srcset=\"https:\/\/www.carnets-dailleurs.com\/wp-content\/uploads\/2019\/01\/Enchevetrement-lave-Askja.jpg 422w, https:\/\/www.carnets-dailleurs.com\/wp-content\/uploads\/2019\/01\/Enchevetrement-lave-Askja-169x300.jpg 169w, https:\/\/www.carnets-dailleurs.com\/wp-content\/uploads\/2019\/01\/Enchevetrement-lave-Askja-84x150.jpg 84w\" sizes=\"(max-width: 422px) 100vw, 422px\" \/><\/figure><div class=\"wp-block-media-text__content\">\n<p>Devant nous, un immense champ de lave, bien plus r\u00e9cent que tous les pr\u00e9c\u00e9dents. Aucun lichen n&rsquo;est encore venu recouvrir la lave. Ce n&rsquo;est qu&rsquo;un enchev\u00eatrement de blocs, de coul\u00e9es, une lave friable et ac\u00e9r\u00e9e. <\/p>\n<\/div><\/div>\n\n\n\n<p>C&rsquo;est parti. Nous devons traverser toute cette \u00e9tendue\u2026 Nous visons les gros blocs, \u00e9vitons de nous frotter de trop pr\u00e8s \u00e0 la lave\u2026<br><\/p>\n\n\n\n<figure class=\"wp-block-image is-resized\"><img decoding=\"async\" loading=\"lazy\" src=\"http:\/\/www.carnets-dailleurs.com\/wp-content\/uploads\/2019\/01\/Edwige-Lave.jpg\" alt=\"\" class=\"wp-image-2036\" width=\"583\" height=\"329\" srcset=\"https:\/\/www.carnets-dailleurs.com\/wp-content\/uploads\/2019\/01\/Edwige-Lave.jpg 500w, https:\/\/www.carnets-dailleurs.com\/wp-content\/uploads\/2019\/01\/Edwige-Lave-300x169.jpg 300w, https:\/\/www.carnets-dailleurs.com\/wp-content\/uploads\/2019\/01\/Edwige-Lave-150x85.jpg 150w\" sizes=\"(max-width: 583px) 100vw, 583px\" \/><\/figure>\n\n\n\n<p>Ce n&rsquo;est pas le terrain le plus agr\u00e9able et ce n&rsquo;est dr\u00f4le que 5 minutes. Rapidement, nous d\u00e9cidons de marcher en dehors du champ, dans la neige qui est encore pr\u00e9sente au pied des montagnes. Certes, marcher dans la neige, ce n&rsquo;est pas top non plus mais c&rsquo;est toujours mieux que ce chaos de lave, y compris pour les semelles de nos chaussures ! <\/p>\n\n\n\n<figure class=\"wp-block-image is-resized\"><img decoding=\"async\" loading=\"lazy\" src=\"http:\/\/www.carnets-dailleurs.com\/wp-content\/uploads\/2019\/01\/Neige-Askja.jpg\" alt=\"\" class=\"wp-image-2037\" width=\"587\" height=\"331\" srcset=\"https:\/\/www.carnets-dailleurs.com\/wp-content\/uploads\/2019\/01\/Neige-Askja.jpg 500w, https:\/\/www.carnets-dailleurs.com\/wp-content\/uploads\/2019\/01\/Neige-Askja-300x169.jpg 300w, https:\/\/www.carnets-dailleurs.com\/wp-content\/uploads\/2019\/01\/Neige-Askja-150x85.jpg 150w\" sizes=\"(max-width: 587px) 100vw, 587px\" \/><\/figure>\n\n\n\n<p>Au moins, nous avan\u00e7ons \u00e0 un meilleur rythme.<\/p>\n\n\n\n<p>Les marques ont disparu depuis longtemps mais nous croisons tout de m\u00eame un panneau indiquant la direction de Dingjufell :12km. En effet, il nous reste un petit bout de chemin \u00e0 parcourir\u2026<br><\/p>\n\n\n\n<figure class=\"wp-block-image is-resized\"><img decoding=\"async\" loading=\"lazy\" src=\"http:\/\/www.carnets-dailleurs.com\/wp-content\/uploads\/2019\/01\/Panneau-Askja.jpg\" alt=\"\" class=\"wp-image-2038\" width=\"588\" height=\"332\" srcset=\"https:\/\/www.carnets-dailleurs.com\/wp-content\/uploads\/2019\/01\/Panneau-Askja.jpg 500w, https:\/\/www.carnets-dailleurs.com\/wp-content\/uploads\/2019\/01\/Panneau-Askja-300x169.jpg 300w, https:\/\/www.carnets-dailleurs.com\/wp-content\/uploads\/2019\/01\/Panneau-Askja-150x85.jpg 150w\" sizes=\"(max-width: 588px) 100vw, 588px\" \/><\/figure>\n\n\n\n<p>Sur la route, \u00e0 nouveau des blocs \u00e9parpill\u00e9s de part et d&rsquo;autre au pied des montagnes\u2026 <\/p>\n\n\n\n<figure class=\"wp-block-image is-resized\"><img decoding=\"async\" loading=\"lazy\" src=\"http:\/\/www.carnets-dailleurs.com\/wp-content\/uploads\/2019\/01\/Bloc-Pierres-pied-montagne-Askja.jpg\" alt=\"\" class=\"wp-image-2039\" width=\"586\" height=\"391\" srcset=\"https:\/\/www.carnets-dailleurs.com\/wp-content\/uploads\/2019\/01\/Bloc-Pierres-pied-montagne-Askja.jpg 500w, https:\/\/www.carnets-dailleurs.com\/wp-content\/uploads\/2019\/01\/Bloc-Pierres-pied-montagne-Askja-300x200.jpg 300w, https:\/\/www.carnets-dailleurs.com\/wp-content\/uploads\/2019\/01\/Bloc-Pierres-pied-montagne-Askja-150x100.jpg 150w\" sizes=\"(max-width: 586px) 100vw, 586px\" \/><figcaption><em>Photo&nbsp;Edwige<\/em><\/figcaption><\/figure>\n\n\n\n<p>\u2026 mais aussi au bord du champ de lave, jet\u00e9s \u00e7a et l\u00e0 au milieu du sable noir\u2026 <\/p>\n\n\n\n<figure class=\"wp-block-image is-resized\"><img decoding=\"async\" loading=\"lazy\" src=\"http:\/\/www.carnets-dailleurs.com\/wp-content\/uploads\/2019\/01\/Desert-Blocs-Askja.jpg\" alt=\"\" class=\"wp-image-2040\" width=\"585\" height=\"330\" srcset=\"https:\/\/www.carnets-dailleurs.com\/wp-content\/uploads\/2019\/01\/Desert-Blocs-Askja.jpg 500w, https:\/\/www.carnets-dailleurs.com\/wp-content\/uploads\/2019\/01\/Desert-Blocs-Askja-300x169.jpg 300w, https:\/\/www.carnets-dailleurs.com\/wp-content\/uploads\/2019\/01\/Desert-Blocs-Askja-150x85.jpg 150w\" sizes=\"(max-width: 585px) 100vw, 585px\" \/><\/figure>\n\n\n\n<p>La travers\u00e9e est longue. Je commence \u00e0 fatiguer. Mon sac p\u00e8se de plus en plus et je commence \u00e0 avoir mal au pieds. Coup de mou. Je m&rsquo;arr\u00eate r\u00e9guli\u00e8rement pour faire des micro-pauses. Edwige ouvre la marche et avance bien. Elle me motive, c&rsquo;est l&rsquo;avantage de ne pas \u00eatre seul.<\/p>\n\n\n\n<p>Coup d\u2019\u0153il \u00e0 la carte et au GPS : nous ne sommes plus tr\u00e8s loin du col. En effet, nous apercevons \u00e0 droite un piquet jaune qui indique la mont\u00e9e. Courage\u2026 Nous ferons une pause juste apr\u00e8s, histoire de grignoter quelque chose avant d&rsquo;enchainer les derniers kilom\u00e8tres.<\/p>\n\n\n\n<p>Pour le moment, il faut monter dans la neige. J&rsquo;ai les jambes en coton. Edwige m&rsquo;encourage. Je peine vraiment. Je me motive, je ne l\u00e2che pas. Le sommet est proche, la pause se rapproche.<\/p>\n\n\n\n<p>Plus nous montons, plus le vent se renforce. Heureusement, on l&rsquo;a dans le dos, \u00e7a nous aide pas mal. Enfin\u2026 \u00e7a souffle quand m\u00eame tr\u00e8s fort. A quelques m\u00e8tres du sommet, je dois me cramponner un peu en plantant \u00e0 fond les b\u00e2tons dans le sol pour ne pas \u00eatre pouss\u00e9e en avant. Il faut passer le col, \u00e7a ira mieux apr\u00e8s.&nbsp; Mais ce ne sera pas si simple, nous n&rsquo;allons pas tarder \u00e0 le savoir\u2026<\/p>\n\n\n\n<p>Nous sommes \u00e0 deux pas du col. Derni\u00e8re ligne droite. Nous faisons les derniers pas et l\u00e0\u2026 L&rsquo;enfer commence. Le vent souffle en continu et extr\u00eamement fort. Nous sommes prises de cours, par surprise. Deux pas en arri\u00e8re, on ne s&rsquo;attendait pas \u00e0 \u00e7a. Le vent me pousse, me soul\u00e8ve. Mes b\u00e2tons sont plant\u00e9s \u00e0 fond dans le sol, en opposition. Je lutte pour rester debout\u2026 A cot\u00e9 de moi, Edwige subit le m\u00eame sort\u2026<\/p>\n\n\n\n<p>Tout \u00e0 coup, une masse noire passe au-dessus de moi et s&rsquo;envole au loin. Ma veste. La housse de mon sac s&rsquo;est d\u00e9croch\u00e9e et je l&rsquo;avais coinc\u00e9e dedans\u2026 Mauvaise id\u00e9e\u2026 Quand je comprends qu&rsquo;il s&rsquo;agit de ma veste, il est d\u00e9j\u00e0 trop tard. Le vent fou de&nbsp;J\u00f3nsskar\u00f0 l&rsquo;a d\u00e9j\u00e0 emport\u00e9 au loin, tr\u00e8s loin. Nous ne pouvons que la regarder s&rsquo;\u00e9loigner impuissantes. Je suis bien trop occup\u00e9e \u00e0 tenter de rester debout pour lui courir apr\u00e8s\u2026 Courir\u2026 Je n&rsquo;y pense m\u00eame pas\u2026 A ce moment, le sort de ma veste m&rsquo;est bien \u00e9gal, je suis trop consciente que les choses ne se passent pas du tout comme pr\u00e9vu et que la situation est plus que d\u00e9licate.<\/p>\n\n\n\n<p>Tant bien que mal, nous essayons d&rsquo;avancer. Un pas et on tr\u00e9buche. Un autre pas, le vent r\u00e9ussit \u00e0 prendre le dessus et nous met \u00e0 terre. Me voici \u00e0 genoux, Edwige aussi. Nos regards se croisent : incr\u00e9dulit\u00e9.<\/p>\n\n\n\n<p>Nous nous relevons, tentons \u00e0 nouveau d&rsquo;avancer. Le vent m&rsquo;enveloppe, me pousse en avant. Je sens que je tombe. Je suis le mouvement et me retrouve \u00e0 nouveau \u00e0 genoux, ma t\u00eate s&rsquo;arr\u00eatant \u00e0 quelques centim\u00e8tres du sol et des pierres. Edwige s&rsquo;inqui\u00e8te. Non, je vais bien. Elle s&rsquo;\u00e9croule aussi \u00e0 quelques m\u00e8tres de moi. Une \u00e9norme bourrasque de vent balaye le sol, charriant de la neige et des cailloux. Je me camoufle comme je peux. C&rsquo;est pass\u00e9. Edwige a la main en sang, \u00e9corch\u00e9e par la neige et les cailloux que nous avons re\u00e7us. Coupures superficielles mais c&rsquo;est impressionnant quand m\u00eame. Nous nous relevons et nous \u00e9croulons l&rsquo;une \u00e0 cot\u00e9 de l&rsquo;autre. On est un peu sonn\u00e9 par ce brusque coup de vent et nous sommes un peu d\u00e9boussol\u00e9es. De quel cot\u00e9 devons-nous aller ? En face ? Nous ne sommes plus tr\u00e8s s\u00fbres. A ce moment, tout va tr\u00e8s vite dans ma t\u00eate. Je prends conscience que la situation est dangereuse et que tout peut basculer rapidement.. Que peut-on faire ? Est-ce qu&rsquo;on ne devrait pas appeler les secours ? Les secours, ici ? Cette id\u00e9e me traverse l&rsquo;esprit mais je l&rsquo;oublie aussit\u00f4t : avec ce vent, impossible de venir nous r\u00e9cup\u00e9rer. Pas le choix, il faut qu&rsquo;on sorte de cet endroit d&rsquo;une mani\u00e8re o\u00f9 d&rsquo;une autre\u2026 Nous reprenons notre souffle. \u2018Qu&rsquo;est-ce qu&rsquo;on fait ?\u2019 je demande. &lsquo;On sort d&rsquo;ici !\u2019 me crie Edwige. &lsquo;Oui mais comment ??\u2019 &lsquo;On va par l\u00e0, on contourne\u2019 dit-elle en indiquant notre droite. &lsquo;Non, le vent nous pousse par l\u00e0, on va se fracasser de l&rsquo;autre cot\u00e9 de la montagne. Il faut qu&rsquo;on traverse le couloir\u2019. Facile \u00e0 dire\u2026 Edwige jette un \u0153il au GPS. Ok, nous devons bien aller tout droit. Et en effet, nous apercevons un bout de piquet cass\u00e9 au milieu de rochers. Par contre, on ne voit pas plus loin que le bout du plateau : esp\u00e9rons que la descente ne soit pas raide\u2026 Si oui, avec ce vent, on va plonger\u2026 Bon. Allons-y par \u00e9tapes. Un peu plus loin, un tas de rochers au milieu de la neige. &lsquo;On va jusque l\u00e0-bas\u2019 dit Edwige. &lsquo;Ok ?\u2019 &lsquo;Ok !\u2019 je r\u00e9ponds. Nous sommes incroyablement calmes. Peut-\u00eatre un peu abasourdies par la rapidit\u00e9 \u00e0 laquelle les choses s&rsquo;enchainent. &lsquo;Pr\u00eate ?\u2019 me demande Edwige. &lsquo;Oui, pr\u00eate !\u2019. Edwige d\u00e9cide d&rsquo;avancer sur les cailloux. Moi, je pr\u00e9f\u00e8re rester sur la neige. Je me l\u00e8ve. Ne pas essayer d&rsquo;aller \u00e0 l&rsquo;encontre des \u00e9l\u00e9ments. Ils sont plus forts. Au contraire, se laisser guider par eux, aller dans le m\u00eame sens. Appliquer les principes du Tai Chi. Donc j&rsquo;essaie juste de rester debout et je me laisse pousser par le vent. Je m&rsquo;appuie contre lui. Nous arrivons au niveau des rochers. Nous les contournons et nous asseyons derri\u00e8re. Et l\u00e0\u2026 incroyable. Le vent cesse imm\u00e9diatement. Nous sommes sorties du couloir de la mort. Ce fut bref mais intense. Et violent. On se regarde. On souffle, on reprend nos esprits. Nous avons la m\u00eame pens\u00e9e : nous sommes vivantes. Edwige sort une p\u00e2te d&rsquo;amande de sa poche : il faut reprendre des forces. Apr\u00e8s cet \u00e9pisode rocambolesque et le petit coup d&rsquo;adr\u00e9naline, il ne manquerait plus qu&rsquo;on fasse une hypoglyc\u00e9mie !<\/p>\n\n\n\n<p>Moi qui \u00e9tait compl\u00e8tement vid\u00e9e avant d&rsquo;arriver au sommet, j&rsquo;ai r\u00e9ussi \u00e0 puiser des ressources je ne sais o\u00f9\u2026 A vrai dire, je n&rsquo;ai pas eu le temps de r\u00e9fl\u00e9chir. Il fallait y aller. A aucun moment nous n&rsquo;avons perdu pied. Nous avons gard\u00e9 notre sang froid et n&rsquo;avons pas c\u00e9d\u00e9 pas \u00e0 la panique. Je ne sais pas comment nous avons fait.<\/p>\n\n\n\n<p>Assise derri\u00e8re notre rocher, je jette un \u0153il autour de moi, des fois que j&rsquo;aper\u00e7oive ma veste quelque part\u2026 Peine perdue. En face de nous, les piquets ont refait leur apparition et indiquent le chemin pour redescendre dans la vall\u00e9e. C&rsquo;est bon de les voir ceux-l\u00e0. Sympa de nous faciliter un peu la t\u00e2che \u00e0 partir de maintenant.<\/p>\n\n\n\n<p>Apr\u00e8s cette petite pause bien m\u00e9rit\u00e9e, nous nous remettons en route. Il nous reste encore 10km \u00e0 parcourir. Ce n&rsquo;est pas le moment de ralentir, il faut se remotiver. Nous traversons la derni\u00e8re partie du plateau et une grande \u00e9tendue de neige quasi fondue. Un peu d&rsquo;humidit\u00e9 pour couronner le tout, \u00e7a manquait\u2026 Et de nouveau une lave tr\u00e8s noire. Alors que nous traversons cette \u00e9tendue, le ciel s&rsquo;obscurcit. On dirait qu&rsquo;il fait nuit. \u00c9trange ambiance\u2026 Qu&rsquo;est-ce qui va nous tomber sur la t\u00eate ?<\/p>\n\n\n\n<p>Nous arrivons au bout du plateau : pas de ravin comme nous avions pu l&rsquo;imaginer. Au contraire, une descente douce au travers des rochers. Nous commen\u00e7ons la descente. Nous ne parlons pas. Nous n&rsquo;avons pas repris tous nos esprits et nous commen\u00e7ons aussi a ressentir les premiers vrais signes de fatigue.<\/p>\n\n\n\n<p>Le sol n&rsquo;est pas top. Jonch\u00e9 de pierres, c&rsquo;est tr\u00e8s chaotique. Nous devons \u00eatre vigilantes et bien regarder o\u00f9 nous posons les pieds. J&rsquo;avance un peu comme un zombie au milieu du d\u00e9dale de lave. Un pied devant l&rsquo;autre. C&rsquo;est long.<\/p>\n\n\n\n<p>Petit \u00e0 petit, le sol devient moins chaotique. Nous arrivons pr\u00e8s d&rsquo;une rivi\u00e8re boueuse qui serpente dans un paysage noir de corbeau. Puis la vall\u00e9e appara\u00eet \u00e0 son tour. Enfin. En bas, la rivi\u00e8re s&rsquo;\u00e9tend tout du long. Autour de nous, des roches jaunes, roses\u2026<\/p>\n\n\n\n<figure class=\"wp-block-image is-resized\"><img decoding=\"async\" loading=\"lazy\" src=\"http:\/\/www.carnets-dailleurs.com\/wp-content\/uploads\/2019\/01\/Roche-Jaune-Askja.jpg\" alt=\"\" class=\"wp-image-2041\" width=\"588\" height=\"332\" srcset=\"https:\/\/www.carnets-dailleurs.com\/wp-content\/uploads\/2019\/01\/Roche-Jaune-Askja.jpg 500w, https:\/\/www.carnets-dailleurs.com\/wp-content\/uploads\/2019\/01\/Roche-Jaune-Askja-300x169.jpg 300w, https:\/\/www.carnets-dailleurs.com\/wp-content\/uploads\/2019\/01\/Roche-Jaune-Askja-150x85.jpg 150w\" sizes=\"(max-width: 588px) 100vw, 588px\" \/><\/figure>\n\n\n\n<p>Mais un paysage tellement lunaire par ailleurs\u2026<\/p>\n\n\n\n<div class=\"wp-block-media-text alignwide\"><figure class=\"wp-block-media-text__media\"><img decoding=\"async\" loading=\"lazy\" width=\"422\" height=\"750\" src=\"http:\/\/www.carnets-dailleurs.com\/wp-content\/uploads\/2019\/01\/Panneau-Dyngjufell.jpg\" alt=\"\" class=\"wp-image-2042\" srcset=\"https:\/\/www.carnets-dailleurs.com\/wp-content\/uploads\/2019\/01\/Panneau-Dyngjufell.jpg 422w, https:\/\/www.carnets-dailleurs.com\/wp-content\/uploads\/2019\/01\/Panneau-Dyngjufell-169x300.jpg 169w, https:\/\/www.carnets-dailleurs.com\/wp-content\/uploads\/2019\/01\/Panneau-Dyngjufell-84x150.jpg 84w\" sizes=\"(max-width: 422px) 100vw, 422px\" \/><\/figure><div class=\"wp-block-media-text__content\">\n<p>La descente est un peu raide. En bas, nous nous arr\u00eatons quelques instants. Cette fois, nous en avons marre. Fatigu\u00e9es. Coup d\u2019\u0153il au GPS : le refuge ne devrait plus \u00eatre tr\u00e8s loin, m\u00eame si nous ne le voyons pas encore. En effet, une pancarte l&rsquo;indique enfin. Comme c&rsquo;est bon de la voir celle-ci ! <\/p>\n<\/div><\/div>\n\n\n\n<p>Nous devons marcher encore un peu dans le sable, le long de la rivi\u00e8re. Rivi\u00e8re que nous devons traverser. Elle n&rsquo;est pas haute mais il y a suffisamment d&rsquo;eau pour que cela passe par-dessus les chaussures. Je tente de sauter sur des \u00eelots de sable par-ci par-l\u00e0, en esp\u00e9rant ne pas avoir \u00e0 d\u00e9chausser. Peine perdue. Il faut se rendre \u00e0 l&rsquo;\u00e9vidence. Nous retirons nos chaussures. Apr\u00e8s une journ\u00e9e comme celle-l\u00e0, nous n&rsquo;avions vraiment pas envie de finir la journ\u00e9e par une travers\u00e9e \u00e0 gu\u00e9 ! L&rsquo;eau est gel\u00e9e en plus !! Quand je remets mes chaussures, je ne sais pas trop si j&rsquo;ai mal aux pieds parce que j&rsquo;ai beaucoup march\u00e9 ou si c&rsquo;est \u00e0 cause du froid.<\/p>\n\n\n\n<p>Derni\u00e8re ligne droite. Derni\u00e8re ? C&rsquo;est ce que je me dis depuis 1h pour me donner du courage\u2026 Cette fois, nous sommes sur une petite colline dont le sol est jonch\u00e9 de pierres roses. C&rsquo;est superbe, voil\u00e0 un spectacle qui r\u00e9conforte. Et enfin nous apercevons le refuge. Un peu plus loin, pos\u00e9 au bord de la rivi\u00e8re. De l&rsquo;autre cot\u00e9 de la rivi\u00e8re. Nous regardons autour de nous : n&rsquo;y a-t-il vraiment pas un moyen de passer ? Edwige va voir un peu plus loin. Moi, je me r\u00e9signe et d\u00e9chausse. Je n&rsquo;ai qu&rsquo;une h\u00e2te : me poser dans le refuge. Edwige fera finalement de m\u00eame.<\/p>\n\n\n\n<figure class=\"wp-block-image is-resized\"><img decoding=\"async\" loading=\"lazy\" src=\"http:\/\/www.carnets-dailleurs.com\/wp-content\/uploads\/2019\/01\/Refuge-Dyngjufell.jpg\" alt=\"\" class=\"wp-image-2043\" width=\"588\" height=\"332\" srcset=\"https:\/\/www.carnets-dailleurs.com\/wp-content\/uploads\/2019\/01\/Refuge-Dyngjufell.jpg 500w, https:\/\/www.carnets-dailleurs.com\/wp-content\/uploads\/2019\/01\/Refuge-Dyngjufell-300x169.jpg 300w, https:\/\/www.carnets-dailleurs.com\/wp-content\/uploads\/2019\/01\/Refuge-Dyngjufell-150x85.jpg 150w\" sizes=\"(max-width: 588px) 100vw, 588px\" \/><\/figure>\n\n\n\n<p>Enfin arriv\u00e9es ! Le refuge est basique mais parfait apr\u00e8s cette longue journ\u00e9e de marche. 11h que nous sommes parties de Dreki\u2026 Nous nous installons et sortons nos affaires. Qu&rsquo;il est bon de se poser ! Nous feuilletons le guestbook. Des gens sont pass\u00e9s ici hier et les jours d&rsquo;avant. Pourtant, nous n&rsquo;avons crois\u00e9 personne. Mais une vague piste m\u00e8ne jusqu&rsquo;au refuge. Ceci explique peut-\u00eatre cela. Par contre mauvaise surprise : il n&rsquo;y a pas d&rsquo;eau ici. Merci pour l&rsquo;information les gardiens de Dreki\u2026 Je vais faire un tour du cot\u00e9 de la rivi\u00e8re. Un bidon ! Je l&rsquo;ouvre : ok, l&rsquo;eau est trop sale, impossible de la boire. Du coup, je prends de l&rsquo;eau \u00e0 la rivi\u00e8re. Elle est boueuse mais en la filtrant, on devrait s&rsquo;en sortir. Bien s\u00fbr, nous n&rsquo;avons rien pour filtrer\u2026 Op\u00e9ration PQ\u2026 <\/p>\n\n\n\n<figure class=\"wp-block-image is-resized\"><img decoding=\"async\" loading=\"lazy\" src=\"http:\/\/www.carnets-dailleurs.com\/wp-content\/uploads\/2019\/01\/Filtre-eau.jpg\" alt=\"\" class=\"wp-image-2044\" width=\"585\" height=\"391\" srcset=\"https:\/\/www.carnets-dailleurs.com\/wp-content\/uploads\/2019\/01\/Filtre-eau.jpg 500w, https:\/\/www.carnets-dailleurs.com\/wp-content\/uploads\/2019\/01\/Filtre-eau-300x200.jpg 300w, https:\/\/www.carnets-dailleurs.com\/wp-content\/uploads\/2019\/01\/Filtre-eau-150x100.jpg 150w\" sizes=\"(max-width: 585px) 100vw, 585px\" \/><\/figure>\n\n\n\n<p>Le r\u00e9sultat est correct. Ce sera suffisant pour la soupe et les p\u00e2tes de ce soir. Par contre, \u00e7a va prendre du temps de filtrer plusieurs litres d&rsquo;eau pour nos gourdes de demain !<\/p>\n\n\n\n<p>Nous parlons de l&rsquo;\u00e9pisode de J\u00f3nsskar\u00f0\u2026 Je suis un peu remont\u00e9e contre les gardiens islandais. Outre l&rsquo;information fausse sur l&rsquo;eau au refuge, \u00e0 aucun moment ils ne nous ont alert\u00e9es sur les difficult\u00e9s que nous pourrions rencontrer ou sur les conditions m\u00e9t\u00e9o, en particulier au col. Pourtant, j&rsquo;avais bien pos\u00e9 la question au gardien de Her\u00f0ubrei\u00f0 et c&rsquo;est bien \u00e7a qui me met en rogne ! Ce n&rsquo;est vraiment pas faute d&rsquo;avoir pr\u00e9par\u00e9 ce trek et de s&rsquo;\u00eatre renseign\u00e9es avant ! Enfin\u2026 La tension est aussi due au fait que nous avons vraiment eu peur l\u00e0-haut.<\/p>\n\n\n\n<p>On est crev\u00e9, on se couche.<\/p>\n\n\n\n<p>Dehors, le vent s&rsquo;est \u00e0 nouveau lev\u00e9 et souffle fort. Esp\u00e9rons qu&rsquo;il tombe un peu demain, quand nous traverserons&nbsp;\u00d3d\u00e1\u00f0ahraun\u2026<\/p>\n\n\n\n<h2 class=\"wp-block-heading\">Photos de la journ\u00e9e<\/h2>\n\n\n\n\n","protected":false},"excerpt":{"rendered":"<p>Ciel brumeux et fine pluie\u2026 Voil\u00e0 ce que nous d\u00e9couvrons au r\u00e9veil. \u00c7a tombe mal\u2026 mais cela peut encore changer. Les jours pr\u00e9c\u00e9dents, nous avons vu les sommets d&rsquo;Askja se couvrir et se d\u00e9couvrir dans une seule et m\u00eame journ\u00e9e. Restons optimistes. Nous prenons nos affaires et essayons de descendre&#8230;<\/p>\n<p> <a class=\"continue-reading-link\" href=\"https:\/\/www.carnets-dailleurs.com\/index.php\/2019\/01\/13\/23-aout-2013-au-coeur-daksja\/\"><span>Lire la suite<\/span><i class=\"crycon-right-dir\"><\/i><\/a> <\/p>\n","protected":false},"author":1,"featured_media":0,"comment_status":"closed","ping_status":"open","sticky":false,"template":"","format":"standard","meta":{"_mi_skip_tracking":false},"categories":[23],"tags":[],"_links":{"self":[{"href":"https:\/\/www.carnets-dailleurs.com\/index.php\/wp-json\/wp\/v2\/posts\/2016"}],"collection":[{"href":"https:\/\/www.carnets-dailleurs.com\/index.php\/wp-json\/wp\/v2\/posts"}],"about":[{"href":"https:\/\/www.carnets-dailleurs.com\/index.php\/wp-json\/wp\/v2\/types\/post"}],"author":[{"embeddable":true,"href":"https:\/\/www.carnets-dailleurs.com\/index.php\/wp-json\/wp\/v2\/users\/1"}],"replies":[{"embeddable":true,"href":"https:\/\/www.carnets-dailleurs.com\/index.php\/wp-json\/wp\/v2\/comments?post=2016"}],"version-history":[{"count":3,"href":"https:\/\/www.carnets-dailleurs.com\/index.php\/wp-json\/wp\/v2\/posts\/2016\/revisions"}],"predecessor-version":[{"id":5968,"href":"https:\/\/www.carnets-dailleurs.com\/index.php\/wp-json\/wp\/v2\/posts\/2016\/revisions\/5968"}],"wp:attachment":[{"href":"https:\/\/www.carnets-dailleurs.com\/index.php\/wp-json\/wp\/v2\/media?parent=2016"}],"wp:term":[{"taxonomy":"category","embeddable":true,"href":"https:\/\/www.carnets-dailleurs.com\/index.php\/wp-json\/wp\/v2\/categories?post=2016"},{"taxonomy":"post_tag","embeddable":true,"href":"https:\/\/www.carnets-dailleurs.com\/index.php\/wp-json\/wp\/v2\/tags?post=2016"}],"curies":[{"name":"wp","href":"https:\/\/api.w.org\/{rel}","templated":true}]}}