{"id":2499,"date":"2019-01-19T22:41:15","date_gmt":"2019-01-19T21:41:15","guid":{"rendered":"http:\/\/www.carnets-dailleurs.com\/?p=2499"},"modified":"2020-12-18T08:37:43","modified_gmt":"2020-12-18T07:37:43","slug":"02-septembre-2012-dernier-jour-dans-le-nord","status":"publish","type":"post","link":"https:\/\/www.carnets-dailleurs.com\/index.php\/2019\/01\/19\/02-septembre-2012-dernier-jour-dans-le-nord\/","title":{"rendered":"02 septembre 2012 &#8211; Dernier jour dans le nord"},"content":{"rendered":"\n<p>02 septembre. Au bout de presque 5 semaines de vadrouille, mon s\u00e9jour touche \u00e0 sa fin. Ce soir, il sera temps de rentrer en France et de revenir \u00e0 mon quotidien.<\/p>\n\n\n\n<p>Le temps a pass\u00e9 vite certes mais les journ\u00e9es ont \u00e9t\u00e9 riches en d\u00e9couvertes, en rencontres, en discussions, en \u00e9changes, partage\u2026 Pas de regrets et donc pas de tristesse \u00e0 l&rsquo;id\u00e9e de repartir. Et toujours cette envie de revenir.<\/p>\n\n\n\n<p>Mon avion \u00e9tant pr\u00e9vu tard ce soir, j&rsquo;ai toute la journ\u00e9e devant moi pour profiter de la ville. Je commence d\u00e9j\u00e0 par la logistique : rangement de mon sac, paiement de la guesthouse (\u2018See you next year!\u2019 me lance M. Aurora), d\u00e9p\u00f4t de mon sac \u00e0 la consigne de BSI et me voici partie en ville. Dans la pr\u00e9cipitation, j&rsquo;oublie mon t\u00e9l\u00e9phone dans la chambre et suis oblig\u00e9e de revenir\u2026<\/p>\n\n\n\n<p>Je commence par une visite de la &lsquo;Culture House\u2019. Le lieux pr\u00e9sente l&rsquo;histoire et la colonisation de l&rsquo;\u00eele par les Vikings mais aussi son pr\u00e9cieux h\u00e9ritage : les manuscrits du moyen-\u00e2ge de l&rsquo;Edda et des Sagas. Je prends le temps de contempler cette merveille.<\/p>\n\n\n\n<figure class=\"wp-block-image is-resized\"><img decoding=\"async\" loading=\"lazy\" src=\"http:\/\/www.carnets-dailleurs.com\/wp-content\/uploads\/2019\/01\/edda-islande.jpg\" alt=\"\" class=\"wp-image-2500\" width=\"583\" height=\"437\" srcset=\"https:\/\/www.carnets-dailleurs.com\/wp-content\/uploads\/2019\/01\/edda-islande.jpg 500w, https:\/\/www.carnets-dailleurs.com\/wp-content\/uploads\/2019\/01\/edda-islande-300x225.jpg 300w, https:\/\/www.carnets-dailleurs.com\/wp-content\/uploads\/2019\/01\/edda-islande-150x113.jpg 150w\" sizes=\"(max-width: 583px) 100vw, 583px\" \/><\/figure>\n\n\n\n<div class=\"wp-block-media-text alignwide\"><figure class=\"wp-block-media-text__media\"><img decoding=\"async\" loading=\"lazy\" width=\"500\" height=\"667\" src=\"http:\/\/www.carnets-dailleurs.com\/wp-content\/uploads\/2019\/01\/phare-reykjavik.jpg\" alt=\"\" class=\"wp-image-2501\" srcset=\"https:\/\/www.carnets-dailleurs.com\/wp-content\/uploads\/2019\/01\/phare-reykjavik.jpg 500w, https:\/\/www.carnets-dailleurs.com\/wp-content\/uploads\/2019\/01\/phare-reykjavik-225x300.jpg 225w, https:\/\/www.carnets-dailleurs.com\/wp-content\/uploads\/2019\/01\/phare-reykjavik-112x150.jpg 112w\" sizes=\"(max-width: 500px) 100vw, 500px\" \/><\/figure><div class=\"wp-block-media-text__content\">\n<p>Le temps ici est encore magnifique. Le soleil brille et je d\u00e9cide alors d&rsquo;aller me promener le long de la c\u00f4te, jusqu&rsquo;au phare. La m\u00eame ballade que j&rsquo;avais faite l&rsquo;ann\u00e9e derni\u00e8re avant de prendre l&rsquo;avion. Cette fois, impossible d&rsquo;aller jusqu&rsquo;au phare car la mar\u00e9e est haute. <\/p>\n<\/div><\/div>\n\n\n\n<p> <\/p>\n\n\n\n<p>La journ\u00e9e touche d\u00e9j\u00e0 \u00e0 sa fin. Je rejoins St\u00e9phane, le dernier \u00e9tudiant de l&rsquo;\u00e9cole islandaise encore pr\u00e9sent en ville. Dernier repas chez See Baron. Derni\u00e8res brochettes de noix de Saint-Jacques et de saumon.<\/p>\n\n\n\n<p>Et direction BSI, le flybus, l&rsquo;a\u00e9roport\u2026 Et la France\u2026 En attendant d&rsquo;autres voyages\u2026<\/p>\n","protected":false},"excerpt":{"rendered":"<p>02 septembre. Au bout de presque 5 semaines de vadrouille, mon s\u00e9jour touche \u00e0 sa fin. Ce soir, il sera temps de rentrer en France et de revenir \u00e0 mon quotidien. Le temps a pass\u00e9 vite certes mais les journ\u00e9es ont \u00e9t\u00e9 riches en d\u00e9couvertes, en rencontres, en discussions, en&#8230;<\/p>\n<p> <a class=\"continue-reading-link\" href=\"https:\/\/www.carnets-dailleurs.com\/index.php\/2019\/01\/19\/02-septembre-2012-dernier-jour-dans-le-nord\/\"><span>Lire la suite<\/span><i class=\"crycon-right-dir\"><\/i><\/a> <\/p>\n","protected":false},"author":1,"featured_media":0,"comment_status":"closed","ping_status":"open","sticky":false,"template":"","format":"standard","meta":{"_mi_skip_tracking":false},"categories":[24],"tags":[],"_links":{"self":[{"href":"https:\/\/www.carnets-dailleurs.com\/index.php\/wp-json\/wp\/v2\/posts\/2499"}],"collection":[{"href":"https:\/\/www.carnets-dailleurs.com\/index.php\/wp-json\/wp\/v2\/posts"}],"about":[{"href":"https:\/\/www.carnets-dailleurs.com\/index.php\/wp-json\/wp\/v2\/types\/post"}],"author":[{"embeddable":true,"href":"https:\/\/www.carnets-dailleurs.com\/index.php\/wp-json\/wp\/v2\/users\/1"}],"replies":[{"embeddable":true,"href":"https:\/\/www.carnets-dailleurs.com\/index.php\/wp-json\/wp\/v2\/comments?post=2499"}],"version-history":[{"count":2,"href":"https:\/\/www.carnets-dailleurs.com\/index.php\/wp-json\/wp\/v2\/posts\/2499\/revisions"}],"predecessor-version":[{"id":5971,"href":"https:\/\/www.carnets-dailleurs.com\/index.php\/wp-json\/wp\/v2\/posts\/2499\/revisions\/5971"}],"wp:attachment":[{"href":"https:\/\/www.carnets-dailleurs.com\/index.php\/wp-json\/wp\/v2\/media?parent=2499"}],"wp:term":[{"taxonomy":"category","embeddable":true,"href":"https:\/\/www.carnets-dailleurs.com\/index.php\/wp-json\/wp\/v2\/categories?post=2499"},{"taxonomy":"post_tag","embeddable":true,"href":"https:\/\/www.carnets-dailleurs.com\/index.php\/wp-json\/wp\/v2\/tags?post=2499"}],"curies":[{"name":"wp","href":"https:\/\/api.w.org\/{rel}","templated":true}]}}